{"id":14592,"date":"2017-02-10T18:52:38","date_gmt":"2017-02-10T16:52:38","guid":{"rendered":"http:\/\/intervalphoto.fr\/photographe-architecture-et-industrie\/?p=14592"},"modified":"2025-11-19T17:17:37","modified_gmt":"2025-11-19T15:17:37","slug":"lenfer-cest-autres","status":"publish","type":"post","link":"https:\/\/intervalphoto.fr\/photographe-architecture-et-industrie\/lenfer-cest-autres\/","title":{"rendered":"l&rsquo;enfer c&rsquo;est les autres&#8230;"},"content":{"rendered":"\n<p>*l&rsquo;enfer c&rsquo;est les autres<\/p>\n\n\n<div class=\"wp-block-image wp-image-14599 size-full\">\n<figure class=\"aligncenter\"><img data-recalc-dims=\"1\" decoding=\"async\" data-attachment-id=\"14599\" data-permalink=\"https:\/\/intervalphoto.fr\/photographe-architecture-et-industrie\/lenfer-cest-autres\/int_8015\/\" data-orig-file=\"https:\/\/i0.wp.com\/intervalphoto.fr\/wp-content\/uploads\/2017\/02\/INT_8015.jpg?fit=%2C&amp;ssl=1\" data-orig-size=\"\" data-comments-opened=\"0\" data-image-meta=\"[]\" data-image-title=\"sunrise, paysage\" data-image-description=\"&lt;p&gt;\u00c2\u00a9INTERVALphoto, sunrise, paysage.&lt;\/p&gt;\n\" data-image-caption=\"&lt;p&gt;sunrise, paysage&lt;\/p&gt;\n\" data-large-file=\"https:\/\/i0.wp.com\/intervalphoto.fr\/wp-content\/uploads\/2017\/02\/INT_8015.jpg?fit=1024%2C1024&amp;ssl=1\" src=\"https:\/\/i0.wp.com\/intervalphoto.fr\/wp-content\/uploads\/2017\/02\/INT_8015.jpg\" alt=\"\u00c2\u00a9INTERVALphoto, sunrise, paysage.\" class=\"wp-image-14599\"\/><figcaption class=\"wp-element-caption\">sunrise, paysage<\/figcaption><\/figure>\n<\/div>\n\n\n<p><a href=\"http:\/\/www.philo5.com\/Les%20philosophes%20Textes\/Sartre_L'EnferC'EstLesAutres.htm#_1\">http:\/\/www.philo5.com<\/a><\/p>\n\n\n\n<p><\/p>\n","protected":false},"excerpt":{"rendered":"<p>*l&rsquo;enfer c&rsquo;est les autres http:\/\/www.philo5.com<\/p>\n","protected":false},"author":1,"featured_media":14599,"comment_status":"closed","ping_status":"open","sticky":false,"template":"","format":"standard","meta":{"jetpack_post_was_ever_published":false,"_jetpack_newsletter_access":"","_jetpack_dont_email_post_to_subs":true,"_jetpack_newsletter_tier_id":0,"_jetpack_memberships_contains_paywalled_content":false,"_jetpack_memberships_contains_paid_content":false,"footnotes":""},"categories":[364,399,16,400],"tags":[],"class_list":["post-14592","post","type-post","status-publish","format-standard","has-post-thumbnail","hentry","category-existence","category-nature","category-actualite","category-paysage"],"yoast_head":"<!-- This site is optimized with the Yoast SEO plugin v27.5 - https:\/\/yoast.com\/product\/yoast-seo-wordpress\/ -->\n<title>l&#039;enfer c&#039;est les autres... - INTERVALphoto<\/title>\n<meta name=\"robots\" content=\"index, follow, max-snippet:-1, max-image-preview:large, max-video-preview:-1\" \/>\n<link rel=\"canonical\" href=\"https:\/\/intervalphoto.fr\/photographe-architecture-et-industrie\/lenfer-cest-autres\/\" \/>\n<meta property=\"og:locale\" content=\"fr_FR\" \/>\n<meta property=\"og:type\" content=\"article\" \/>\n<meta property=\"og:title\" content=\"l&#039;enfer c&#039;est les autres... - INTERVALphoto\" \/>\n<meta property=\"og:description\" content=\"*l&rsquo;enfer c&rsquo;est les autres http:\/\/www.philo5.com\" \/>\n<meta property=\"og:url\" content=\"https:\/\/intervalphoto.fr\/photographe-architecture-et-industrie\/lenfer-cest-autres\/\" \/>\n<meta property=\"og:site_name\" content=\"INTERVALphoto\" \/>\n<meta property=\"article:publisher\" content=\"https:\/\/www.facebook.com\/intervalphoto35\/\" \/>\n<meta property=\"article:author\" content=\"https:\/\/www.facebook.com\/intervalphoto35\" \/>\n<meta property=\"article:published_time\" content=\"2017-02-10T16:52:38+00:00\" \/>\n<meta property=\"article:modified_time\" content=\"2025-11-19T15:17:37+00:00\" \/>\n<meta name=\"author\" content=\"INTERVAL photo\" \/>\n<meta name=\"twitter:card\" content=\"summary_large_image\" \/>\n<meta name=\"twitter:image\" content=\"https:\/\/i0.wp.com\/intervalphoto.fr\/wp-content\/uploads\/2017\/02\/INT_8015.jpg?fit=%2C&ssl=1\" \/>\n<meta name=\"twitter:creator\" content=\"@intervalphoto35\" \/>\n<meta name=\"twitter:site\" content=\"@intervalphoto35\" \/>\n<meta name=\"twitter:label1\" content=\"\u00c9crit par\" \/>\n\t<meta name=\"twitter:data1\" content=\"INTERVAL photo\" \/>\n\t<meta name=\"twitter:label2\" content=\"Dur\u00e9e de lecture estim\u00e9e\" \/>\n\t<meta name=\"twitter:data2\" content=\"1 minute\" \/>\n<script type=\"application\/ld+json\" class=\"yoast-schema-graph\">{\"@context\":\"https:\\\/\\\/schema.org\",\"@graph\":[{\"@type\":\"Article\",\"@id\":\"https:\\\/\\\/intervalphoto.fr\\\/photographe-architecture-et-industrie\\\/lenfer-cest-autres\\\/#article\",\"isPartOf\":{\"@id\":\"https:\\\/\\\/intervalphoto.fr\\\/photographe-architecture-et-industrie\\\/lenfer-cest-autres\\\/\"},\"author\":{\"name\":\"INTERVAL photo\",\"@id\":\"https:\\\/\\\/intervalphoto.fr\\\/photographe-architecture-et-industrie\\\/#\\\/schema\\\/person\\\/830733271855af23aae09f3ebf421fe0\"},\"headline\":\"l&rsquo;enfer c&rsquo;est les autres&#8230;\",\"datePublished\":\"2017-02-10T16:52:38+00:00\",\"dateModified\":\"2025-11-19T15:17:37+00:00\",\"mainEntityOfPage\":{\"@id\":\"https:\\\/\\\/intervalphoto.fr\\\/photographe-architecture-et-industrie\\\/lenfer-cest-autres\\\/\"},\"wordCount\":14,\"image\":{\"@id\":\"https:\\\/\\\/intervalphoto.fr\\\/photographe-architecture-et-industrie\\\/lenfer-cest-autres\\\/#primaryimage\"},\"thumbnailUrl\":\"https:\\\/\\\/i0.wp.com\\\/intervalphoto.fr\\\/wp-content\\\/uploads\\\/2017\\\/02\\\/INT_8015.jpg?fit=%2C&ssl=1\",\"articleSection\":[\"EXISTENCE\",\"nature\",\"NEWS\",\"PAYSAGE\"],\"inLanguage\":\"fr-FR\"},{\"@type\":\"WebPage\",\"@id\":\"https:\\\/\\\/intervalphoto.fr\\\/photographe-architecture-et-industrie\\\/lenfer-cest-autres\\\/\",\"url\":\"https:\\\/\\\/intervalphoto.fr\\\/photographe-architecture-et-industrie\\\/lenfer-cest-autres\\\/\",\"name\":\"l'enfer c'est les autres... - INTERVALphoto\",\"isPartOf\":{\"@id\":\"https:\\\/\\\/intervalphoto.fr\\\/photographe-architecture-et-industrie\\\/#website\"},\"primaryImageOfPage\":{\"@id\":\"https:\\\/\\\/intervalphoto.fr\\\/photographe-architecture-et-industrie\\\/lenfer-cest-autres\\\/#primaryimage\"},\"image\":{\"@id\":\"https:\\\/\\\/intervalphoto.fr\\\/photographe-architecture-et-industrie\\\/lenfer-cest-autres\\\/#primaryimage\"},\"thumbnailUrl\":\"https:\\\/\\\/i0.wp.com\\\/intervalphoto.fr\\\/wp-content\\\/uploads\\\/2017\\\/02\\\/INT_8015.jpg?fit=%2C&ssl=1\",\"datePublished\":\"2017-02-10T16:52:38+00:00\",\"dateModified\":\"2025-11-19T15:17:37+00:00\",\"author\":{\"@id\":\"https:\\\/\\\/intervalphoto.fr\\\/photographe-architecture-et-industrie\\\/#\\\/schema\\\/person\\\/830733271855af23aae09f3ebf421fe0\"},\"breadcrumb\":{\"@id\":\"https:\\\/\\\/intervalphoto.fr\\\/photographe-architecture-et-industrie\\\/lenfer-cest-autres\\\/#breadcrumb\"},\"inLanguage\":\"fr-FR\",\"potentialAction\":[{\"@type\":\"ReadAction\",\"target\":[\"https:\\\/\\\/intervalphoto.fr\\\/photographe-architecture-et-industrie\\\/lenfer-cest-autres\\\/\"]}]},{\"@type\":\"ImageObject\",\"inLanguage\":\"fr-FR\",\"@id\":\"https:\\\/\\\/intervalphoto.fr\\\/photographe-architecture-et-industrie\\\/lenfer-cest-autres\\\/#primaryimage\",\"url\":\"https:\\\/\\\/i0.wp.com\\\/intervalphoto.fr\\\/wp-content\\\/uploads\\\/2017\\\/02\\\/INT_8015.jpg?fit=%2C&ssl=1\",\"contentUrl\":\"https:\\\/\\\/i0.wp.com\\\/intervalphoto.fr\\\/wp-content\\\/uploads\\\/2017\\\/02\\\/INT_8015.jpg?fit=%2C&ssl=1\",\"caption\":\"sunrise, paysage\"},{\"@type\":\"BreadcrumbList\",\"@id\":\"https:\\\/\\\/intervalphoto.fr\\\/photographe-architecture-et-industrie\\\/lenfer-cest-autres\\\/#breadcrumb\",\"itemListElement\":[{\"@type\":\"ListItem\",\"position\":1,\"name\":\"Accueil\",\"item\":\"https:\\\/\\\/intervalphoto.fr\\\/photographe-architecture-et-industrie\\\/\"},{\"@type\":\"ListItem\",\"position\":2,\"name\":\"l&rsquo;enfer c&rsquo;est les autres&#8230;\"}]},{\"@type\":\"WebSite\",\"@id\":\"https:\\\/\\\/intervalphoto.fr\\\/photographe-architecture-et-industrie\\\/#website\",\"url\":\"https:\\\/\\\/intervalphoto.fr\\\/photographe-architecture-et-industrie\\\/\",\"name\":\"INTERVALphoto\",\"description\":\"revealing...\",\"potentialAction\":[{\"@type\":\"SearchAction\",\"target\":{\"@type\":\"EntryPoint\",\"urlTemplate\":\"https:\\\/\\\/intervalphoto.fr\\\/photographe-architecture-et-industrie\\\/?s={search_term_string}\"},\"query-input\":{\"@type\":\"PropertyValueSpecification\",\"valueRequired\":true,\"valueName\":\"search_term_string\"}}],\"inLanguage\":\"fr-FR\"},{\"@type\":\"Person\",\"@id\":\"https:\\\/\\\/intervalphoto.fr\\\/photographe-architecture-et-industrie\\\/#\\\/schema\\\/person\\\/830733271855af23aae09f3ebf421fe0\",\"name\":\"INTERVAL photo\",\"image\":{\"@type\":\"ImageObject\",\"inLanguage\":\"fr-FR\",\"@id\":\"https:\\\/\\\/secure.gravatar.com\\\/avatar\\\/398d576c45a6d1d3683c3742805f7d60f73d9416547942681b99c8363666d3f8?s=96&d=mm&r=g\",\"url\":\"https:\\\/\\\/secure.gravatar.com\\\/avatar\\\/398d576c45a6d1d3683c3742805f7d60f73d9416547942681b99c8363666d3f8?s=96&d=mm&r=g\",\"contentUrl\":\"https:\\\/\\\/secure.gravatar.com\\\/avatar\\\/398d576c45a6d1d3683c3742805f7d60f73d9416547942681b99c8363666d3f8?s=96&d=mm&r=g\",\"caption\":\"INTERVAL photo\"},\"sameAs\":[\"http:\\\/\\\/www.intervalphoto.fr\",\"https:\\\/\\\/www.facebook.com\\\/intervalphoto35\",\"https:\\\/\\\/www.instagram.com\\\/quideaufrancois\",\"http:\\\/\\\/fr.linkedin.com\\\/in\\\/quideaufrancois\",\"https:\\\/\\\/fr.pinterest.com\\\/fquideau\\\/\",\"https:\\\/\\\/x.com\\\/@intervalphoto35\",\"https:\\\/\\\/www.youtube.com\\\/channel\\\/UCKiJPIR1CaZaewFgfOv4fFA\"],\"url\":\"https:\\\/\\\/intervalphoto.fr\\\/photographe-architecture-et-industrie\\\/author\\\/root\\\/\"}]}<\/script>\n<!-- \/ Yoast SEO plugin. -->","yoast_head_json":{"title":"l'enfer c'est les autres... - INTERVALphoto","robots":{"index":"index","follow":"follow","max-snippet":"max-snippet:-1","max-image-preview":"max-image-preview:large","max-video-preview":"max-video-preview:-1"},"canonical":"https:\/\/intervalphoto.fr\/photographe-architecture-et-industrie\/lenfer-cest-autres\/","og_locale":"fr_FR","og_type":"article","og_title":"l'enfer c'est les autres... - INTERVALphoto","og_description":"*l&rsquo;enfer c&rsquo;est les autres http:\/\/www.philo5.com","og_url":"https:\/\/intervalphoto.fr\/photographe-architecture-et-industrie\/lenfer-cest-autres\/","og_site_name":"INTERVALphoto","article_publisher":"https:\/\/www.facebook.com\/intervalphoto35\/","article_author":"https:\/\/www.facebook.com\/intervalphoto35","article_published_time":"2017-02-10T16:52:38+00:00","article_modified_time":"2025-11-19T15:17:37+00:00","author":"INTERVAL photo","twitter_card":"summary_large_image","twitter_image":"https:\/\/i0.wp.com\/intervalphoto.fr\/wp-content\/uploads\/2017\/02\/INT_8015.jpg?fit=%2C&ssl=1","twitter_creator":"@intervalphoto35","twitter_site":"@intervalphoto35","twitter_misc":{"\u00c9crit par":"INTERVAL photo","Dur\u00e9e de lecture estim\u00e9e":"1 minute"},"schema":{"@context":"https:\/\/schema.org","@graph":[{"@type":"Article","@id":"https:\/\/intervalphoto.fr\/photographe-architecture-et-industrie\/lenfer-cest-autres\/#article","isPartOf":{"@id":"https:\/\/intervalphoto.fr\/photographe-architecture-et-industrie\/lenfer-cest-autres\/"},"author":{"name":"INTERVAL photo","@id":"https:\/\/intervalphoto.fr\/photographe-architecture-et-industrie\/#\/schema\/person\/830733271855af23aae09f3ebf421fe0"},"headline":"l&rsquo;enfer c&rsquo;est les autres&#8230;","datePublished":"2017-02-10T16:52:38+00:00","dateModified":"2025-11-19T15:17:37+00:00","mainEntityOfPage":{"@id":"https:\/\/intervalphoto.fr\/photographe-architecture-et-industrie\/lenfer-cest-autres\/"},"wordCount":14,"image":{"@id":"https:\/\/intervalphoto.fr\/photographe-architecture-et-industrie\/lenfer-cest-autres\/#primaryimage"},"thumbnailUrl":"https:\/\/i0.wp.com\/intervalphoto.fr\/wp-content\/uploads\/2017\/02\/INT_8015.jpg?fit=%2C&ssl=1","articleSection":["EXISTENCE","nature","NEWS","PAYSAGE"],"inLanguage":"fr-FR"},{"@type":"WebPage","@id":"https:\/\/intervalphoto.fr\/photographe-architecture-et-industrie\/lenfer-cest-autres\/","url":"https:\/\/intervalphoto.fr\/photographe-architecture-et-industrie\/lenfer-cest-autres\/","name":"l'enfer c'est les autres... - INTERVALphoto","isPartOf":{"@id":"https:\/\/intervalphoto.fr\/photographe-architecture-et-industrie\/#website"},"primaryImageOfPage":{"@id":"https:\/\/intervalphoto.fr\/photographe-architecture-et-industrie\/lenfer-cest-autres\/#primaryimage"},"image":{"@id":"https:\/\/intervalphoto.fr\/photographe-architecture-et-industrie\/lenfer-cest-autres\/#primaryimage"},"thumbnailUrl":"https:\/\/i0.wp.com\/intervalphoto.fr\/wp-content\/uploads\/2017\/02\/INT_8015.jpg?fit=%2C&ssl=1","datePublished":"2017-02-10T16:52:38+00:00","dateModified":"2025-11-19T15:17:37+00:00","author":{"@id":"https:\/\/intervalphoto.fr\/photographe-architecture-et-industrie\/#\/schema\/person\/830733271855af23aae09f3ebf421fe0"},"breadcrumb":{"@id":"https:\/\/intervalphoto.fr\/photographe-architecture-et-industrie\/lenfer-cest-autres\/#breadcrumb"},"inLanguage":"fr-FR","potentialAction":[{"@type":"ReadAction","target":["https:\/\/intervalphoto.fr\/photographe-architecture-et-industrie\/lenfer-cest-autres\/"]}]},{"@type":"ImageObject","inLanguage":"fr-FR","@id":"https:\/\/intervalphoto.fr\/photographe-architecture-et-industrie\/lenfer-cest-autres\/#primaryimage","url":"https:\/\/i0.wp.com\/intervalphoto.fr\/wp-content\/uploads\/2017\/02\/INT_8015.jpg?fit=%2C&ssl=1","contentUrl":"https:\/\/i0.wp.com\/intervalphoto.fr\/wp-content\/uploads\/2017\/02\/INT_8015.jpg?fit=%2C&ssl=1","caption":"sunrise, paysage"},{"@type":"BreadcrumbList","@id":"https:\/\/intervalphoto.fr\/photographe-architecture-et-industrie\/lenfer-cest-autres\/#breadcrumb","itemListElement":[{"@type":"ListItem","position":1,"name":"Accueil","item":"https:\/\/intervalphoto.fr\/photographe-architecture-et-industrie\/"},{"@type":"ListItem","position":2,"name":"l&rsquo;enfer c&rsquo;est les autres&#8230;"}]},{"@type":"WebSite","@id":"https:\/\/intervalphoto.fr\/photographe-architecture-et-industrie\/#website","url":"https:\/\/intervalphoto.fr\/photographe-architecture-et-industrie\/","name":"INTERVALphoto","description":"revealing...","potentialAction":[{"@type":"SearchAction","target":{"@type":"EntryPoint","urlTemplate":"https:\/\/intervalphoto.fr\/photographe-architecture-et-industrie\/?s={search_term_string}"},"query-input":{"@type":"PropertyValueSpecification","valueRequired":true,"valueName":"search_term_string"}}],"inLanguage":"fr-FR"},{"@type":"Person","@id":"https:\/\/intervalphoto.fr\/photographe-architecture-et-industrie\/#\/schema\/person\/830733271855af23aae09f3ebf421fe0","name":"INTERVAL photo","image":{"@type":"ImageObject","inLanguage":"fr-FR","@id":"https:\/\/secure.gravatar.com\/avatar\/398d576c45a6d1d3683c3742805f7d60f73d9416547942681b99c8363666d3f8?s=96&d=mm&r=g","url":"https:\/\/secure.gravatar.com\/avatar\/398d576c45a6d1d3683c3742805f7d60f73d9416547942681b99c8363666d3f8?s=96&d=mm&r=g","contentUrl":"https:\/\/secure.gravatar.com\/avatar\/398d576c45a6d1d3683c3742805f7d60f73d9416547942681b99c8363666d3f8?s=96&d=mm&r=g","caption":"INTERVAL photo"},"sameAs":["http:\/\/www.intervalphoto.fr","https:\/\/www.facebook.com\/intervalphoto35","https:\/\/www.instagram.com\/quideaufrancois","http:\/\/fr.linkedin.com\/in\/quideaufrancois","https:\/\/fr.pinterest.com\/fquideau\/","https:\/\/x.com\/@intervalphoto35","https:\/\/www.youtube.com\/channel\/UCKiJPIR1CaZaewFgfOv4fFA"],"url":"https:\/\/intervalphoto.fr\/photographe-architecture-et-industrie\/author\/root\/"}]}},"jetpack_featured_media_url":"https:\/\/i0.wp.com\/intervalphoto.fr\/wp-content\/uploads\/2017\/02\/INT_8015.jpg?fit=%2C&ssl=1","jetpack_sharing_enabled":true,"jetpack_likes_enabled":true,"jetpack-related-posts":[],"_links":{"self":[{"href":"https:\/\/intervalphoto.fr\/photographe-architecture-et-industrie\/wp-json\/wp\/v2\/posts\/14592","targetHints":{"allow":["GET"]}}],"collection":[{"href":"https:\/\/intervalphoto.fr\/photographe-architecture-et-industrie\/wp-json\/wp\/v2\/posts"}],"about":[{"href":"https:\/\/intervalphoto.fr\/photographe-architecture-et-industrie\/wp-json\/wp\/v2\/types\/post"}],"author":[{"embeddable":true,"href":"https:\/\/intervalphoto.fr\/photographe-architecture-et-industrie\/wp-json\/wp\/v2\/users\/1"}],"replies":[{"embeddable":true,"href":"https:\/\/intervalphoto.fr\/photographe-architecture-et-industrie\/wp-json\/wp\/v2\/comments?post=14592"}],"version-history":[{"count":1,"href":"https:\/\/intervalphoto.fr\/photographe-architecture-et-industrie\/wp-json\/wp\/v2\/posts\/14592\/revisions"}],"predecessor-version":[{"id":40284,"href":"https:\/\/intervalphoto.fr\/photographe-architecture-et-industrie\/wp-json\/wp\/v2\/posts\/14592\/revisions\/40284"}],"wp:featuredmedia":[{"embeddable":true,"href":"https:\/\/intervalphoto.fr\/photographe-architecture-et-industrie\/wp-json\/wp\/v2\/media\/14599"}],"wp:attachment":[{"href":"https:\/\/intervalphoto.fr\/photographe-architecture-et-industrie\/wp-json\/wp\/v2\/media?parent=14592"}],"wp:term":[{"taxonomy":"category","embeddable":true,"href":"https:\/\/intervalphoto.fr\/photographe-architecture-et-industrie\/wp-json\/wp\/v2\/categories?post=14592"},{"taxonomy":"post_tag","embeddable":true,"href":"https:\/\/intervalphoto.fr\/photographe-architecture-et-industrie\/wp-json\/wp\/v2\/tags?post=14592"}],"curies":[{"name":"wp","href":"https:\/\/api.w.org\/{rel}","templated":true}]}}