{"id":25158,"date":"2019-07-18T00:57:48","date_gmt":"2019-07-17T22:57:48","guid":{"rendered":"http:\/\/intervalphoto.fr\/photographe-architecture-et-industrie\/?p=25158"},"modified":"2025-11-19T17:17:07","modified_gmt":"2025-11-19T15:17:07","slug":"forma6-immeubles-tertiaires-saint-herblain","status":"publish","type":"post","link":"https:\/\/intervalphoto.fr\/photographe-architecture-et-industrie\/forma6-immeubles-tertiaires-saint-herblain\/","title":{"rendered":"forma6, immeubles tertiaires, Saint Herblain *d\u00e9ambulation (reportage spontan\u00e9 portable)"},"content":{"rendered":"\n<div class=\"wp-block-jetpack-tiled-gallery aligncenter is-style-rectangular\"><div class=\"\"><div class=\"tiled-gallery__gallery\"><div class=\"tiled-gallery__row\"><div class=\"tiled-gallery__col\" style=\"flex-basis:66.74757%\"><figure class=\"tiled-gallery__item\"><img data-recalc-dims=\"1\" decoding=\"async\" data-attachment-id=\"25184\" data-permalink=\"https:\/\/intervalphoto.fr\/photographe-architecture-et-industrie\/forma6-immeubles-tertiaires-saint-herblain\/format-6-tertiaire-st-herblon-1\/\" data-orig-file=\"https:\/\/i0.wp.com\/intervalphoto.fr\/wp-content\/uploads\/2019\/07\/FORMAT-6-tertiaire-St-Herblon-1.jpg?fit=%2C&amp;ssl=1\" data-orig-size=\"\" data-comments-opened=\"0\" data-image-meta=\"[]\" data-image-title=\"FORMAT-6-tertiaire-St-Herblon-1\" data-image-description=\"&lt;p&gt;photographe d&amp;rsquo;architecture \u00c2\u00a9INTERVALphoto : forma6, immeubles tertiaires, Saint Herblain *d\u00c3\u00a9ambulation (reportage express portable)&lt;\/p&gt;\n\" data-image-caption=\"&lt;p&gt;forma6, immeubles tertiaires, Saint Herblain *d\u00c3\u00a9ambulation (reportage express portable) (35) \u00c2\u00a9INTERVAL photo&lt;\/p&gt;\n\" data-large-file=\"https:\/\/i0.wp.com\/intervalphoto.fr\/wp-content\/uploads\/2019\/07\/FORMAT-6-tertiaire-St-Herblon-1.jpg?fit=1024%2C1024&amp;ssl=1\" data-attachment-id=\"25184\" data-permalink=\"https:\/\/intervalphoto.fr\/photographe-architecture-et-industrie\/forma6-immeubles-tertiaires-saint-herblain\/format-6-tertiaire-st-herblon-1\/\" data-orig-file=\"https:\/\/i0.wp.com\/intervalphoto.fr\/wp-content\/uploads\/2019\/07\/FORMAT-6-tertiaire-St-Herblon-1.jpg?fit=%2C&amp;ssl=1\" data-orig-size=\"\" data-comments-opened=\"0\" data-image-meta=\"[]\" data-image-title=\"FORMAT-6-tertiaire-St-Herblon-1\" data-image-description=\"&lt;p&gt;photographe d&amp;rsquo;architecture \u00c2\u00a9INTERVALphoto : forma6, immeubles tertiaires, Saint Herblain *d\u00c3\u00a9ambulation (reportage express portable)&lt;\/p&gt;\n\" data-image-caption=\"&lt;p&gt;forma6, immeubles tertiaires, Saint Herblain *d\u00c3\u00a9ambulation (reportage express portable) (35) \u00c2\u00a9INTERVAL photo&lt;\/p&gt;\n\" data-large-file=\"https:\/\/i0.wp.com\/intervalphoto.fr\/wp-content\/uploads\/2019\/07\/FORMAT-6-tertiaire-St-Herblon-1.jpg?fit=1024%2C1024&amp;ssl=1\" alt=\"photographe d'architecture \u00c2\u00a9INTERVALphoto : forma6, immeubles tertiaires, Saint Herblain *d\u00c3\u00a9ambulation (reportage express portable)\" data-id=\"25184\" data-link=\"https:\/\/intervalphoto.fr\/photographe-architecture-et-industrie\/forma6-immeubles-tertiaires-saint-herblain\/format-6-tertiaire-st-herblon-1\/\" data-url=\"https:\/\/intervalphoto.fr\/wp-content\/uploads\/2019\/07\/FORMAT-6-tertiaire-St-Herblon-1.jpg\" src=\"https:\/\/i0.wp.com\/intervalphoto.fr\/wp-content\/uploads\/2019\/07\/FORMAT-6-tertiaire-St-Herblon-1.jpg?ssl=1\" data-amp-layout=\"responsive\"\/><\/figure><\/div><div class=\"tiled-gallery__col\" style=\"flex-basis:33.25243%\"><figure class=\"tiled-gallery__item\"><img data-recalc-dims=\"1\" decoding=\"async\" data-attachment-id=\"25185\" data-permalink=\"https:\/\/intervalphoto.fr\/photographe-architecture-et-industrie\/forma6-immeubles-tertiaires-saint-herblain\/format-6-tertiaire-st-herblon-4\/\" data-orig-file=\"https:\/\/i0.wp.com\/intervalphoto.fr\/wp-content\/uploads\/2019\/07\/FORMAT-6-tertiaire-St-Herblon-4.jpg?fit=%2C&amp;ssl=1\" data-orig-size=\"\" data-comments-opened=\"0\" data-image-meta=\"[]\" data-image-title=\"FORMAT-6-tertiaire-St-Herblon-4\" data-image-description=\"&lt;p&gt;photographe d&amp;rsquo;architecture \u00c2\u00a9INTERVALphoto : forma6, immeubles tertiaires, Saint Herblain *d\u00c3\u00a9ambulation (reportage express portable)&lt;\/p&gt;\n\" data-image-caption=\"&lt;p&gt;forma6, immeubles tertiaires, Saint Herblain *d\u00c3\u00a9ambulation (reportage express portable) (35) \u00c2\u00a9INTERVAL photo&lt;\/p&gt;\n\" data-large-file=\"https:\/\/i0.wp.com\/intervalphoto.fr\/wp-content\/uploads\/2019\/07\/FORMAT-6-tertiaire-St-Herblon-4.jpg?fit=1024%2C1024&amp;ssl=1\" data-attachment-id=\"25185\" data-permalink=\"https:\/\/intervalphoto.fr\/photographe-architecture-et-industrie\/forma6-immeubles-tertiaires-saint-herblain\/format-6-tertiaire-st-herblon-4\/\" data-orig-file=\"https:\/\/i0.wp.com\/intervalphoto.fr\/wp-content\/uploads\/2019\/07\/FORMAT-6-tertiaire-St-Herblon-4.jpg?fit=%2C&amp;ssl=1\" data-orig-size=\"\" data-comments-opened=\"0\" data-image-meta=\"[]\" data-image-title=\"FORMAT-6-tertiaire-St-Herblon-4\" data-image-description=\"&lt;p&gt;photographe d&amp;rsquo;architecture \u00c2\u00a9INTERVALphoto : forma6, immeubles tertiaires, Saint Herblain *d\u00c3\u00a9ambulation (reportage express portable)&lt;\/p&gt;\n\" data-image-caption=\"&lt;p&gt;forma6, immeubles tertiaires, Saint Herblain *d\u00c3\u00a9ambulation (reportage express portable) (35) \u00c2\u00a9INTERVAL photo&lt;\/p&gt;\n\" data-large-file=\"https:\/\/i0.wp.com\/intervalphoto.fr\/wp-content\/uploads\/2019\/07\/FORMAT-6-tertiaire-St-Herblon-4.jpg?fit=1024%2C1024&amp;ssl=1\" alt=\"photographe d'architecture \u00c2\u00a9INTERVALphoto : forma6, immeubles tertiaires, Saint Herblain *d\u00c3\u00a9ambulation (reportage express portable)\" data-id=\"25185\" data-link=\"https:\/\/intervalphoto.fr\/photographe-architecture-et-industrie\/forma6-immeubles-tertiaires-saint-herblain\/format-6-tertiaire-st-herblon-4\/\" data-url=\"https:\/\/intervalphoto.fr\/wp-content\/uploads\/2019\/07\/FORMAT-6-tertiaire-St-Herblon-4.jpg\" src=\"https:\/\/i0.wp.com\/intervalphoto.fr\/wp-content\/uploads\/2019\/07\/FORMAT-6-tertiaire-St-Herblon-4.jpg?ssl=1\" data-amp-layout=\"responsive\"\/><\/figure><figure class=\"tiled-gallery__item\"><img data-recalc-dims=\"1\" decoding=\"async\" data-attachment-id=\"25186\" data-permalink=\"https:\/\/intervalphoto.fr\/photographe-architecture-et-industrie\/forma6-immeubles-tertiaires-saint-herblain\/format-6-tertiaire-st-herblon-6\/\" data-orig-file=\"https:\/\/i0.wp.com\/intervalphoto.fr\/wp-content\/uploads\/2019\/07\/FORMAT-6-tertiaire-St-Herblon-6.jpg?fit=%2C&amp;ssl=1\" data-orig-size=\"\" data-comments-opened=\"0\" data-image-meta=\"[]\" data-image-title=\"FORMAT-6-tertiaire-St-Herblon-6\" data-image-description=\"&lt;p&gt;photographe d&amp;rsquo;architecture \u00c2\u00a9INTERVALphoto : forma6, immeubles tertiaires, Saint Herblain *d\u00c3\u00a9ambulation (reportage express portable)&lt;\/p&gt;\n\" data-image-caption=\"&lt;p&gt;forma6, immeubles tertiaires, Saint Herblain *d\u00c3\u00a9ambulation (reportage express portable) (35) \u00c2\u00a9INTERVAL photo&lt;\/p&gt;\n\" data-large-file=\"https:\/\/i0.wp.com\/intervalphoto.fr\/wp-content\/uploads\/2019\/07\/FORMAT-6-tertiaire-St-Herblon-6.jpg?fit=1024%2C1024&amp;ssl=1\" data-attachment-id=\"25186\" data-permalink=\"https:\/\/intervalphoto.fr\/photographe-architecture-et-industrie\/forma6-immeubles-tertiaires-saint-herblain\/format-6-tertiaire-st-herblon-6\/\" data-orig-file=\"https:\/\/i0.wp.com\/intervalphoto.fr\/wp-content\/uploads\/2019\/07\/FORMAT-6-tertiaire-St-Herblon-6.jpg?fit=%2C&amp;ssl=1\" data-orig-size=\"\" data-comments-opened=\"0\" data-image-meta=\"[]\" data-image-title=\"FORMAT-6-tertiaire-St-Herblon-6\" data-image-description=\"&lt;p&gt;photographe d&amp;rsquo;architecture \u00c2\u00a9INTERVALphoto : forma6, immeubles tertiaires, Saint Herblain *d\u00c3\u00a9ambulation (reportage express portable)&lt;\/p&gt;\n\" data-image-caption=\"&lt;p&gt;forma6, immeubles tertiaires, Saint Herblain *d\u00c3\u00a9ambulation (reportage express portable) (35) \u00c2\u00a9INTERVAL photo&lt;\/p&gt;\n\" data-large-file=\"https:\/\/i0.wp.com\/intervalphoto.fr\/wp-content\/uploads\/2019\/07\/FORMAT-6-tertiaire-St-Herblon-6.jpg?fit=1024%2C1024&amp;ssl=1\" alt=\"photographe d'architecture \u00c2\u00a9INTERVALphoto : forma6, immeubles tertiaires, Saint Herblain *d\u00c3\u00a9ambulation (reportage express portable)\" data-id=\"25186\" data-link=\"https:\/\/intervalphoto.fr\/photographe-architecture-et-industrie\/forma6-immeubles-tertiaires-saint-herblain\/format-6-tertiaire-st-herblon-6\/\" data-url=\"https:\/\/intervalphoto.fr\/wp-content\/uploads\/2019\/07\/FORMAT-6-tertiaire-St-Herblon-6.jpg\" src=\"https:\/\/i0.wp.com\/intervalphoto.fr\/wp-content\/uploads\/2019\/07\/FORMAT-6-tertiaire-St-Herblon-6.jpg?ssl=1\" data-amp-layout=\"responsive\"\/><\/figure><\/div><\/div><div class=\"tiled-gallery__row\"><div class=\"tiled-gallery__col\" style=\"flex-basis:33.33333%\"><figure class=\"tiled-gallery__item\"><img data-recalc-dims=\"1\" decoding=\"async\" data-attachment-id=\"25187\" data-permalink=\"https:\/\/intervalphoto.fr\/photographe-architecture-et-industrie\/forma6-immeubles-tertiaires-saint-herblain\/format-6-tertiaire-st-herblon-7\/\" data-orig-file=\"https:\/\/i0.wp.com\/intervalphoto.fr\/wp-content\/uploads\/2019\/07\/FORMAT-6-tertiaire-St-Herblon-7.jpg?fit=%2C&amp;ssl=1\" data-orig-size=\"\" data-comments-opened=\"0\" data-image-meta=\"[]\" data-image-title=\"FORMAT-6-tertiaire-St-Herblon-7\" data-image-description=\"&lt;p&gt;photographe d&amp;rsquo;architecture \u00c2\u00a9INTERVALphoto : forma6, immeubles tertiaires, Saint Herblain *d\u00c3\u00a9ambulation (reportage express portable)&lt;\/p&gt;\n\" data-image-caption=\"&lt;p&gt;forma6, immeubles tertiaires, Saint Herblain *d\u00c3\u00a9ambulation (reportage express portable) (35) \u00c2\u00a9INTERVAL photo&lt;\/p&gt;\n\" data-large-file=\"https:\/\/i0.wp.com\/intervalphoto.fr\/wp-content\/uploads\/2019\/07\/FORMAT-6-tertiaire-St-Herblon-7.jpg?fit=1024%2C1024&amp;ssl=1\" data-attachment-id=\"25187\" data-permalink=\"https:\/\/intervalphoto.fr\/photographe-architecture-et-industrie\/forma6-immeubles-tertiaires-saint-herblain\/format-6-tertiaire-st-herblon-7\/\" data-orig-file=\"https:\/\/i0.wp.com\/intervalphoto.fr\/wp-content\/uploads\/2019\/07\/FORMAT-6-tertiaire-St-Herblon-7.jpg?fit=%2C&amp;ssl=1\" data-orig-size=\"\" data-comments-opened=\"0\" data-image-meta=\"[]\" data-image-title=\"FORMAT-6-tertiaire-St-Herblon-7\" data-image-description=\"&lt;p&gt;photographe d&amp;rsquo;architecture \u00c2\u00a9INTERVALphoto : forma6, immeubles tertiaires, Saint Herblain *d\u00c3\u00a9ambulation (reportage express portable)&lt;\/p&gt;\n\" data-image-caption=\"&lt;p&gt;forma6, immeubles tertiaires, Saint Herblain *d\u00c3\u00a9ambulation (reportage express portable) (35) \u00c2\u00a9INTERVAL photo&lt;\/p&gt;\n\" data-large-file=\"https:\/\/i0.wp.com\/intervalphoto.fr\/wp-content\/uploads\/2019\/07\/FORMAT-6-tertiaire-St-Herblon-7.jpg?fit=1024%2C1024&amp;ssl=1\" alt=\"photographe d'architecture \u00c2\u00a9INTERVALphoto : forma6, immeubles tertiaires, Saint Herblain *d\u00c3\u00a9ambulation (reportage express portable)\" data-id=\"25187\" data-link=\"https:\/\/intervalphoto.fr\/photographe-architecture-et-industrie\/forma6-immeubles-tertiaires-saint-herblain\/format-6-tertiaire-st-herblon-7\/\" data-url=\"https:\/\/intervalphoto.fr\/wp-content\/uploads\/2019\/07\/FORMAT-6-tertiaire-St-Herblon-7.jpg\" src=\"https:\/\/i0.wp.com\/intervalphoto.fr\/wp-content\/uploads\/2019\/07\/FORMAT-6-tertiaire-St-Herblon-7.jpg?ssl=1\" data-amp-layout=\"responsive\"\/><\/figure><\/div><div class=\"tiled-gallery__col\" style=\"flex-basis:33.33333%\"><figure class=\"tiled-gallery__item\"><img data-recalc-dims=\"1\" decoding=\"async\" data-attachment-id=\"25188\" data-permalink=\"https:\/\/intervalphoto.fr\/photographe-architecture-et-industrie\/forma6-immeubles-tertiaires-saint-herblain\/format-6-tertiaire-st-herblon-12\/\" data-orig-file=\"https:\/\/i0.wp.com\/intervalphoto.fr\/wp-content\/uploads\/2019\/07\/FORMAT-6-tertiaire-St-Herblon-12.jpg?fit=%2C&amp;ssl=1\" data-orig-size=\"\" data-comments-opened=\"0\" data-image-meta=\"[]\" data-image-title=\"FORMAT-6-tertiaire-St-Herblon-12\" data-image-description=\"&lt;p&gt;photographe d&amp;rsquo;architecture \u00c2\u00a9INTERVALphoto : forma6, immeubles tertiaires, Saint Herblain *d\u00c3\u00a9ambulation (reportage express portable)&lt;\/p&gt;\n\" data-image-caption=\"&lt;p&gt;forma6, immeubles tertiaires, Saint Herblain *d\u00c3\u00a9ambulation (reportage express portable) (35) \u00c2\u00a9INTERVAL photo&lt;\/p&gt;\n\" data-large-file=\"https:\/\/i0.wp.com\/intervalphoto.fr\/wp-content\/uploads\/2019\/07\/FORMAT-6-tertiaire-St-Herblon-12.jpg?fit=1024%2C1024&amp;ssl=1\" data-attachment-id=\"25188\" data-permalink=\"https:\/\/intervalphoto.fr\/photographe-architecture-et-industrie\/forma6-immeubles-tertiaires-saint-herblain\/format-6-tertiaire-st-herblon-12\/\" data-orig-file=\"https:\/\/i0.wp.com\/intervalphoto.fr\/wp-content\/uploads\/2019\/07\/FORMAT-6-tertiaire-St-Herblon-12.jpg?fit=%2C&amp;ssl=1\" data-orig-size=\"\" data-comments-opened=\"0\" data-image-meta=\"[]\" data-image-title=\"FORMAT-6-tertiaire-St-Herblon-12\" data-image-description=\"&lt;p&gt;photographe d&amp;rsquo;architecture \u00c2\u00a9INTERVALphoto : forma6, immeubles tertiaires, Saint Herblain *d\u00c3\u00a9ambulation (reportage express portable)&lt;\/p&gt;\n\" data-image-caption=\"&lt;p&gt;forma6, immeubles tertiaires, Saint Herblain *d\u00c3\u00a9ambulation (reportage express portable) (35) \u00c2\u00a9INTERVAL photo&lt;\/p&gt;\n\" data-large-file=\"https:\/\/i0.wp.com\/intervalphoto.fr\/wp-content\/uploads\/2019\/07\/FORMAT-6-tertiaire-St-Herblon-12.jpg?fit=1024%2C1024&amp;ssl=1\" alt=\"photographe d'architecture \u00c2\u00a9INTERVALphoto : forma6, immeubles tertiaires, Saint Herblain *d\u00c3\u00a9ambulation (reportage express portable)\" data-id=\"25188\" data-link=\"https:\/\/intervalphoto.fr\/photographe-architecture-et-industrie\/forma6-immeubles-tertiaires-saint-herblain\/format-6-tertiaire-st-herblon-12\/\" data-url=\"https:\/\/intervalphoto.fr\/wp-content\/uploads\/2019\/07\/FORMAT-6-tertiaire-St-Herblon-12.jpg\" src=\"https:\/\/i0.wp.com\/intervalphoto.fr\/wp-content\/uploads\/2019\/07\/FORMAT-6-tertiaire-St-Herblon-12.jpg?ssl=1\" data-amp-layout=\"responsive\"\/><\/figure><\/div><div class=\"tiled-gallery__col\" style=\"flex-basis:33.33333%\"><figure class=\"tiled-gallery__item\"><img data-recalc-dims=\"1\" decoding=\"async\" data-attachment-id=\"25189\" data-permalink=\"https:\/\/intervalphoto.fr\/photographe-architecture-et-industrie\/forma6-immeubles-tertiaires-saint-herblain\/format-6-tertiaire-st-herblon-16\/\" data-orig-file=\"https:\/\/i0.wp.com\/intervalphoto.fr\/wp-content\/uploads\/2019\/07\/FORMAT-6-tertiaire-St-Herblon-16.jpg?fit=%2C&amp;ssl=1\" data-orig-size=\"\" data-comments-opened=\"0\" data-image-meta=\"[]\" data-image-title=\"FORMAT-6-tertiaire-St-Herblon-16\" data-image-description=\"&lt;p&gt;photographe d&amp;rsquo;architecture \u00c2\u00a9INTERVALphoto : forma6, immeubles tertiaires, Saint Herblain *d\u00c3\u00a9ambulation (reportage express portable)&lt;\/p&gt;\n\" data-image-caption=\"&lt;p&gt;forma6, immeubles tertiaires, Saint Herblain *d\u00c3\u00a9ambulation (reportage express portable) (35) \u00c2\u00a9INTERVAL photo&lt;\/p&gt;\n\" data-large-file=\"https:\/\/i0.wp.com\/intervalphoto.fr\/wp-content\/uploads\/2019\/07\/FORMAT-6-tertiaire-St-Herblon-16.jpg?fit=1024%2C1024&amp;ssl=1\" data-attachment-id=\"25189\" data-permalink=\"https:\/\/intervalphoto.fr\/photographe-architecture-et-industrie\/forma6-immeubles-tertiaires-saint-herblain\/format-6-tertiaire-st-herblon-16\/\" data-orig-file=\"https:\/\/i0.wp.com\/intervalphoto.fr\/wp-content\/uploads\/2019\/07\/FORMAT-6-tertiaire-St-Herblon-16.jpg?fit=%2C&amp;ssl=1\" data-orig-size=\"\" data-comments-opened=\"0\" data-image-meta=\"[]\" data-image-title=\"FORMAT-6-tertiaire-St-Herblon-16\" data-image-description=\"&lt;p&gt;photographe d&amp;rsquo;architecture \u00c2\u00a9INTERVALphoto : forma6, immeubles tertiaires, Saint Herblain *d\u00c3\u00a9ambulation (reportage express portable)&lt;\/p&gt;\n\" data-image-caption=\"&lt;p&gt;forma6, immeubles tertiaires, Saint Herblain *d\u00c3\u00a9ambulation (reportage express portable) (35) \u00c2\u00a9INTERVAL photo&lt;\/p&gt;\n\" data-large-file=\"https:\/\/i0.wp.com\/intervalphoto.fr\/wp-content\/uploads\/2019\/07\/FORMAT-6-tertiaire-St-Herblon-16.jpg?fit=1024%2C1024&amp;ssl=1\" alt=\"photographe d'architecture \u00c2\u00a9INTERVALphoto : forma6, immeubles tertiaires, Saint Herblain *d\u00c3\u00a9ambulation (reportage express portable)\" data-id=\"25189\" data-link=\"https:\/\/intervalphoto.fr\/photographe-architecture-et-industrie\/forma6-immeubles-tertiaires-saint-herblain\/format-6-tertiaire-st-herblon-16\/\" data-url=\"https:\/\/intervalphoto.fr\/wp-content\/uploads\/2019\/07\/FORMAT-6-tertiaire-St-Herblon-16.jpg\" src=\"https:\/\/i0.wp.com\/intervalphoto.fr\/wp-content\/uploads\/2019\/07\/FORMAT-6-tertiaire-St-Herblon-16.jpg?ssl=1\" data-amp-layout=\"responsive\"\/><\/figure><\/div><\/div><div class=\"tiled-gallery__row\"><div class=\"tiled-gallery__col\" style=\"flex-basis:33.25243%\"><figure class=\"tiled-gallery__item\"><img data-recalc-dims=\"1\" decoding=\"async\" data-attachment-id=\"25190\" data-permalink=\"https:\/\/intervalphoto.fr\/photographe-architecture-et-industrie\/forma6-immeubles-tertiaires-saint-herblain\/format-6-tertiaire-st-herblon-17\/\" data-orig-file=\"https:\/\/i0.wp.com\/intervalphoto.fr\/wp-content\/uploads\/2019\/07\/FORMAT-6-tertiaire-St-Herblon-17.jpg?fit=%2C&amp;ssl=1\" data-orig-size=\"\" data-comments-opened=\"0\" data-image-meta=\"[]\" data-image-title=\"FORMAT-6-tertiaire-St-Herblon-17\" data-image-description=\"&lt;p&gt;photographe d&amp;rsquo;architecture \u00c2\u00a9INTERVALphoto : forma6, immeubles tertiaires, Saint Herblain *d\u00c3\u00a9ambulation (reportage express portable)&lt;\/p&gt;\n\" data-image-caption=\"&lt;p&gt;forma6, immeubles tertiaires, Saint Herblain *d\u00c3\u00a9ambulation (reportage express portable) (35) \u00c2\u00a9INTERVAL photo&lt;\/p&gt;\n\" data-large-file=\"https:\/\/i0.wp.com\/intervalphoto.fr\/wp-content\/uploads\/2019\/07\/FORMAT-6-tertiaire-St-Herblon-17.jpg?fit=1024%2C1024&amp;ssl=1\" data-attachment-id=\"25190\" data-permalink=\"https:\/\/intervalphoto.fr\/photographe-architecture-et-industrie\/forma6-immeubles-tertiaires-saint-herblain\/format-6-tertiaire-st-herblon-17\/\" data-orig-file=\"https:\/\/i0.wp.com\/intervalphoto.fr\/wp-content\/uploads\/2019\/07\/FORMAT-6-tertiaire-St-Herblon-17.jpg?fit=%2C&amp;ssl=1\" data-orig-size=\"\" data-comments-opened=\"0\" data-image-meta=\"[]\" data-image-title=\"FORMAT-6-tertiaire-St-Herblon-17\" data-image-description=\"&lt;p&gt;photographe d&amp;rsquo;architecture \u00c2\u00a9INTERVALphoto : forma6, immeubles tertiaires, Saint Herblain *d\u00c3\u00a9ambulation (reportage express portable)&lt;\/p&gt;\n\" data-image-caption=\"&lt;p&gt;forma6, immeubles tertiaires, Saint Herblain *d\u00c3\u00a9ambulation (reportage express portable) (35) \u00c2\u00a9INTERVAL photo&lt;\/p&gt;\n\" data-large-file=\"https:\/\/i0.wp.com\/intervalphoto.fr\/wp-content\/uploads\/2019\/07\/FORMAT-6-tertiaire-St-Herblon-17.jpg?fit=1024%2C1024&amp;ssl=1\" alt=\"photographe d'architecture \u00c2\u00a9INTERVALphoto : forma6, immeubles tertiaires, Saint Herblain *d\u00c3\u00a9ambulation (reportage express portable)\" data-id=\"25190\" data-link=\"https:\/\/intervalphoto.fr\/photographe-architecture-et-industrie\/forma6-immeubles-tertiaires-saint-herblain\/format-6-tertiaire-st-herblon-17\/\" data-url=\"https:\/\/intervalphoto.fr\/wp-content\/uploads\/2019\/07\/FORMAT-6-tertiaire-St-Herblon-17.jpg\" src=\"https:\/\/i0.wp.com\/intervalphoto.fr\/wp-content\/uploads\/2019\/07\/FORMAT-6-tertiaire-St-Herblon-17.jpg?ssl=1\" data-amp-layout=\"responsive\"\/><\/figure><figure class=\"tiled-gallery__item\"><img data-recalc-dims=\"1\" decoding=\"async\" data-attachment-id=\"25191\" data-permalink=\"https:\/\/intervalphoto.fr\/photographe-architecture-et-industrie\/forma6-immeubles-tertiaires-saint-herblain\/format-6-tertiaire-st-herblon-21\/\" data-orig-file=\"https:\/\/i0.wp.com\/intervalphoto.fr\/wp-content\/uploads\/2019\/07\/FORMAT-6-tertiaire-St-Herblon-21.jpg?fit=%2C&amp;ssl=1\" data-orig-size=\"\" data-comments-opened=\"0\" data-image-meta=\"[]\" data-image-title=\"FORMAT-6-tertiaire-St-Herblon-21\" data-image-description=\"&lt;p&gt;photographe d&amp;rsquo;architecture \u00c2\u00a9INTERVALphoto : forma6, immeubles tertiaires, Saint Herblain *d\u00c3\u00a9ambulation (reportage express portable)&lt;\/p&gt;\n\" data-image-caption=\"&lt;p&gt;forma6, immeubles tertiaires, Saint Herblain *d\u00c3\u00a9ambulation (reportage express portable) (35) \u00c2\u00a9INTERVAL photo&lt;\/p&gt;\n\" data-large-file=\"https:\/\/i0.wp.com\/intervalphoto.fr\/wp-content\/uploads\/2019\/07\/FORMAT-6-tertiaire-St-Herblon-21.jpg?fit=1024%2C1024&amp;ssl=1\" data-attachment-id=\"25191\" data-permalink=\"https:\/\/intervalphoto.fr\/photographe-architecture-et-industrie\/forma6-immeubles-tertiaires-saint-herblain\/format-6-tertiaire-st-herblon-21\/\" data-orig-file=\"https:\/\/i0.wp.com\/intervalphoto.fr\/wp-content\/uploads\/2019\/07\/FORMAT-6-tertiaire-St-Herblon-21.jpg?fit=%2C&amp;ssl=1\" data-orig-size=\"\" data-comments-opened=\"0\" data-image-meta=\"[]\" data-image-title=\"FORMAT-6-tertiaire-St-Herblon-21\" data-image-description=\"&lt;p&gt;photographe d&amp;rsquo;architecture \u00c2\u00a9INTERVALphoto : forma6, immeubles tertiaires, Saint Herblain *d\u00c3\u00a9ambulation (reportage express portable)&lt;\/p&gt;\n\" data-image-caption=\"&lt;p&gt;forma6, immeubles tertiaires, Saint Herblain *d\u00c3\u00a9ambulation (reportage express portable) (35) \u00c2\u00a9INTERVAL photo&lt;\/p&gt;\n\" data-large-file=\"https:\/\/i0.wp.com\/intervalphoto.fr\/wp-content\/uploads\/2019\/07\/FORMAT-6-tertiaire-St-Herblon-21.jpg?fit=1024%2C1024&amp;ssl=1\" alt=\"photographe d'architecture \u00c2\u00a9INTERVALphoto : forma6, immeubles tertiaires, Saint Herblain *d\u00c3\u00a9ambulation (reportage express portable)\" data-id=\"25191\" data-link=\"https:\/\/intervalphoto.fr\/photographe-architecture-et-industrie\/forma6-immeubles-tertiaires-saint-herblain\/format-6-tertiaire-st-herblon-21\/\" data-url=\"https:\/\/intervalphoto.fr\/wp-content\/uploads\/2019\/07\/FORMAT-6-tertiaire-St-Herblon-21.jpg\" src=\"https:\/\/i0.wp.com\/intervalphoto.fr\/wp-content\/uploads\/2019\/07\/FORMAT-6-tertiaire-St-Herblon-21.jpg?ssl=1\" data-amp-layout=\"responsive\"\/><\/figure><\/div><div class=\"tiled-gallery__col\" style=\"flex-basis:66.74757%\"><figure class=\"tiled-gallery__item\"><img data-recalc-dims=\"1\" decoding=\"async\" data-attachment-id=\"25192\" data-permalink=\"https:\/\/intervalphoto.fr\/photographe-architecture-et-industrie\/forma6-immeubles-tertiaires-saint-herblain\/format-6-tertiaire-st-herblon-22\/\" data-orig-file=\"https:\/\/i0.wp.com\/intervalphoto.fr\/wp-content\/uploads\/2019\/07\/FORMAT-6-tertiaire-St-Herblon-22.jpg?fit=%2C&amp;ssl=1\" data-orig-size=\"\" data-comments-opened=\"0\" data-image-meta=\"[]\" data-image-title=\"FORMAT-6-tertiaire-St-Herblon-22\" data-image-description=\"&lt;p&gt;photographe d&amp;rsquo;architecture \u00c2\u00a9INTERVALphoto : forma6, immeubles tertiaires, Saint Herblain *d\u00c3\u00a9ambulation (reportage express portable)&lt;\/p&gt;\n\" data-image-caption=\"&lt;p&gt;forma6, immeubles tertiaires, Saint Herblain *d\u00c3\u00a9ambulation (reportage express portable) (35) \u00c2\u00a9INTERVAL photo&lt;\/p&gt;\n\" data-large-file=\"https:\/\/i0.wp.com\/intervalphoto.fr\/wp-content\/uploads\/2019\/07\/FORMAT-6-tertiaire-St-Herblon-22.jpg?fit=1024%2C1024&amp;ssl=1\" data-attachment-id=\"25192\" data-permalink=\"https:\/\/intervalphoto.fr\/photographe-architecture-et-industrie\/forma6-immeubles-tertiaires-saint-herblain\/format-6-tertiaire-st-herblon-22\/\" data-orig-file=\"https:\/\/i0.wp.com\/intervalphoto.fr\/wp-content\/uploads\/2019\/07\/FORMAT-6-tertiaire-St-Herblon-22.jpg?fit=%2C&amp;ssl=1\" data-orig-size=\"\" data-comments-opened=\"0\" data-image-meta=\"[]\" data-image-title=\"FORMAT-6-tertiaire-St-Herblon-22\" data-image-description=\"&lt;p&gt;photographe d&amp;rsquo;architecture \u00c2\u00a9INTERVALphoto : forma6, immeubles tertiaires, Saint Herblain *d\u00c3\u00a9ambulation (reportage express portable)&lt;\/p&gt;\n\" data-image-caption=\"&lt;p&gt;forma6, immeubles tertiaires, Saint Herblain *d\u00c3\u00a9ambulation (reportage express portable) (35) \u00c2\u00a9INTERVAL photo&lt;\/p&gt;\n\" data-large-file=\"https:\/\/i0.wp.com\/intervalphoto.fr\/wp-content\/uploads\/2019\/07\/FORMAT-6-tertiaire-St-Herblon-22.jpg?fit=1024%2C1024&amp;ssl=1\" alt=\"photographe d'architecture \u00c2\u00a9INTERVALphoto : forma6, immeubles tertiaires, Saint Herblain *d\u00c3\u00a9ambulation (reportage express portable)\" data-id=\"25192\" data-link=\"https:\/\/intervalphoto.fr\/photographe-architecture-et-industrie\/forma6-immeubles-tertiaires-saint-herblain\/format-6-tertiaire-st-herblon-22\/\" data-url=\"https:\/\/intervalphoto.fr\/wp-content\/uploads\/2019\/07\/FORMAT-6-tertiaire-St-Herblon-22.jpg\" src=\"https:\/\/i0.wp.com\/intervalphoto.fr\/wp-content\/uploads\/2019\/07\/FORMAT-6-tertiaire-St-Herblon-22.jpg?ssl=1\" data-amp-layout=\"responsive\"\/><\/figure><\/div><\/div><div class=\"tiled-gallery__row\"><div class=\"tiled-gallery__col\" style=\"flex-basis:50.00000%\"><figure class=\"tiled-gallery__item\"><img data-recalc-dims=\"1\" decoding=\"async\" data-attachment-id=\"25193\" data-permalink=\"https:\/\/intervalphoto.fr\/photographe-architecture-et-industrie\/forma6-immeubles-tertiaires-saint-herblain\/format-6-tertiaire-st-herblon-24\/\" data-orig-file=\"https:\/\/i0.wp.com\/intervalphoto.fr\/wp-content\/uploads\/2019\/07\/FORMAT-6-tertiaire-St-Herblon-24.jpg?fit=%2C&amp;ssl=1\" data-orig-size=\"\" data-comments-opened=\"0\" data-image-meta=\"[]\" data-image-title=\"FORMAT-6-tertiaire-St-Herblon-24\" data-image-description=\"&lt;p&gt;photographe d&amp;rsquo;architecture \u00c2\u00a9INTERVALphoto : forma6, immeubles tertiaires, Saint Herblain *d\u00c3\u00a9ambulation (reportage express portable)&lt;\/p&gt;\n\" data-image-caption=\"&lt;p&gt;forma6, immeubles tertiaires, Saint Herblain *d\u00c3\u00a9ambulation (reportage express portable) (35) \u00c2\u00a9INTERVAL photo&lt;\/p&gt;\n\" data-large-file=\"https:\/\/i0.wp.com\/intervalphoto.fr\/wp-content\/uploads\/2019\/07\/FORMAT-6-tertiaire-St-Herblon-24.jpg?fit=1024%2C1024&amp;ssl=1\" data-attachment-id=\"25193\" data-permalink=\"https:\/\/intervalphoto.fr\/photographe-architecture-et-industrie\/forma6-immeubles-tertiaires-saint-herblain\/format-6-tertiaire-st-herblon-24\/\" data-orig-file=\"https:\/\/i0.wp.com\/intervalphoto.fr\/wp-content\/uploads\/2019\/07\/FORMAT-6-tertiaire-St-Herblon-24.jpg?fit=%2C&amp;ssl=1\" data-orig-size=\"\" data-comments-opened=\"0\" data-image-meta=\"[]\" data-image-title=\"FORMAT-6-tertiaire-St-Herblon-24\" data-image-description=\"&lt;p&gt;photographe d&amp;rsquo;architecture \u00c2\u00a9INTERVALphoto : forma6, immeubles tertiaires, Saint Herblain *d\u00c3\u00a9ambulation (reportage express portable)&lt;\/p&gt;\n\" data-image-caption=\"&lt;p&gt;forma6, immeubles tertiaires, Saint Herblain *d\u00c3\u00a9ambulation (reportage express portable) (35) \u00c2\u00a9INTERVAL photo&lt;\/p&gt;\n\" data-large-file=\"https:\/\/i0.wp.com\/intervalphoto.fr\/wp-content\/uploads\/2019\/07\/FORMAT-6-tertiaire-St-Herblon-24.jpg?fit=1024%2C1024&amp;ssl=1\" alt=\"photographe d'architecture \u00c2\u00a9INTERVALphoto : forma6, immeubles tertiaires, Saint Herblain *d\u00c3\u00a9ambulation (reportage express portable)\" data-id=\"25193\" data-link=\"https:\/\/intervalphoto.fr\/photographe-architecture-et-industrie\/forma6-immeubles-tertiaires-saint-herblain\/format-6-tertiaire-st-herblon-24\/\" data-url=\"https:\/\/intervalphoto.fr\/wp-content\/uploads\/2019\/07\/FORMAT-6-tertiaire-St-Herblon-24.jpg\" src=\"https:\/\/i0.wp.com\/intervalphoto.fr\/wp-content\/uploads\/2019\/07\/FORMAT-6-tertiaire-St-Herblon-24.jpg?ssl=1\" data-amp-layout=\"responsive\"\/><\/figure><\/div><div class=\"tiled-gallery__col\" style=\"flex-basis:50.00000%\"><figure class=\"tiled-gallery__item\"><img data-recalc-dims=\"1\" decoding=\"async\" data-attachment-id=\"25194\" data-permalink=\"https:\/\/intervalphoto.fr\/photographe-architecture-et-industrie\/forma6-immeubles-tertiaires-saint-herblain\/format-6-tertiaire-st-herblon-25\/\" data-orig-file=\"https:\/\/i0.wp.com\/intervalphoto.fr\/wp-content\/uploads\/2019\/07\/FORMAT-6-tertiaire-St-Herblon-25.jpg?fit=%2C&amp;ssl=1\" data-orig-size=\"\" data-comments-opened=\"0\" data-image-meta=\"[]\" data-image-title=\"FORMAT-6-tertiaire-St-Herblon-25\" data-image-description=\"&lt;p&gt;photographe d&amp;rsquo;architecture \u00c2\u00a9INTERVALphoto : forma6, immeubles tertiaires, Saint Herblain *d\u00c3\u00a9ambulation (reportage express portable)&lt;\/p&gt;\n\" data-image-caption=\"&lt;p&gt;forma6, immeubles tertiaires, Saint Herblain *d\u00c3\u00a9ambulation (reportage express portable) (35) \u00c2\u00a9INTERVAL photo&lt;\/p&gt;\n\" data-large-file=\"https:\/\/i0.wp.com\/intervalphoto.fr\/wp-content\/uploads\/2019\/07\/FORMAT-6-tertiaire-St-Herblon-25.jpg?fit=1024%2C1024&amp;ssl=1\" data-attachment-id=\"25194\" data-permalink=\"https:\/\/intervalphoto.fr\/photographe-architecture-et-industrie\/forma6-immeubles-tertiaires-saint-herblain\/format-6-tertiaire-st-herblon-25\/\" data-orig-file=\"https:\/\/i0.wp.com\/intervalphoto.fr\/wp-content\/uploads\/2019\/07\/FORMAT-6-tertiaire-St-Herblon-25.jpg?fit=%2C&amp;ssl=1\" data-orig-size=\"\" data-comments-opened=\"0\" data-image-meta=\"[]\" data-image-title=\"FORMAT-6-tertiaire-St-Herblon-25\" data-image-description=\"&lt;p&gt;photographe d&amp;rsquo;architecture \u00c2\u00a9INTERVALphoto : forma6, immeubles tertiaires, Saint Herblain *d\u00c3\u00a9ambulation (reportage express portable)&lt;\/p&gt;\n\" data-image-caption=\"&lt;p&gt;forma6, immeubles tertiaires, Saint Herblain *d\u00c3\u00a9ambulation (reportage express portable) (35) \u00c2\u00a9INTERVAL photo&lt;\/p&gt;\n\" data-large-file=\"https:\/\/i0.wp.com\/intervalphoto.fr\/wp-content\/uploads\/2019\/07\/FORMAT-6-tertiaire-St-Herblon-25.jpg?fit=1024%2C1024&amp;ssl=1\" alt=\"photographe d'architecture \u00c2\u00a9INTERVALphoto : forma6, immeubles tertiaires, Saint Herblain *d\u00c3\u00a9ambulation (reportage express portable)\" data-id=\"25194\" data-link=\"https:\/\/intervalphoto.fr\/photographe-architecture-et-industrie\/forma6-immeubles-tertiaires-saint-herblain\/format-6-tertiaire-st-herblon-25\/\" data-url=\"https:\/\/intervalphoto.fr\/wp-content\/uploads\/2019\/07\/FORMAT-6-tertiaire-St-Herblon-25.jpg\" src=\"https:\/\/i0.wp.com\/intervalphoto.fr\/wp-content\/uploads\/2019\/07\/FORMAT-6-tertiaire-St-Herblon-25.jpg?ssl=1\" data-amp-layout=\"responsive\"\/><\/figure><\/div><\/div><div class=\"tiled-gallery__row\"><div class=\"tiled-gallery__col\" style=\"flex-basis:66.74757%\"><figure class=\"tiled-gallery__item\"><img data-recalc-dims=\"1\" decoding=\"async\" data-attachment-id=\"25195\" data-permalink=\"https:\/\/intervalphoto.fr\/photographe-architecture-et-industrie\/forma6-immeubles-tertiaires-saint-herblain\/format-6-tertiaire-st-herblon-26\/\" data-orig-file=\"https:\/\/i0.wp.com\/intervalphoto.fr\/wp-content\/uploads\/2019\/07\/FORMAT-6-tertiaire-St-Herblon-26.jpg?fit=%2C&amp;ssl=1\" data-orig-size=\"\" data-comments-opened=\"0\" data-image-meta=\"[]\" data-image-title=\"FORMAT-6-tertiaire-St-Herblon-26\" data-image-description=\"&lt;p&gt;photographe d&amp;rsquo;architecture \u00c2\u00a9INTERVALphoto : forma6, immeubles tertiaires, Saint Herblain *d\u00c3\u00a9ambulation (reportage express portable)&lt;\/p&gt;\n\" data-image-caption=\"&lt;p&gt;forma6, immeubles tertiaires, Saint Herblain *d\u00c3\u00a9ambulation (reportage express portable) (35) \u00c2\u00a9INTERVAL photo&lt;\/p&gt;\n\" data-large-file=\"https:\/\/i0.wp.com\/intervalphoto.fr\/wp-content\/uploads\/2019\/07\/FORMAT-6-tertiaire-St-Herblon-26.jpg?fit=1024%2C1024&amp;ssl=1\" data-attachment-id=\"25195\" data-permalink=\"https:\/\/intervalphoto.fr\/photographe-architecture-et-industrie\/forma6-immeubles-tertiaires-saint-herblain\/format-6-tertiaire-st-herblon-26\/\" data-orig-file=\"https:\/\/i0.wp.com\/intervalphoto.fr\/wp-content\/uploads\/2019\/07\/FORMAT-6-tertiaire-St-Herblon-26.jpg?fit=%2C&amp;ssl=1\" data-orig-size=\"\" data-comments-opened=\"0\" data-image-meta=\"[]\" data-image-title=\"FORMAT-6-tertiaire-St-Herblon-26\" data-image-description=\"&lt;p&gt;photographe d&amp;rsquo;architecture \u00c2\u00a9INTERVALphoto : forma6, immeubles tertiaires, Saint Herblain *d\u00c3\u00a9ambulation (reportage express portable)&lt;\/p&gt;\n\" data-image-caption=\"&lt;p&gt;forma6, immeubles tertiaires, Saint Herblain *d\u00c3\u00a9ambulation (reportage express portable) (35) \u00c2\u00a9INTERVAL photo&lt;\/p&gt;\n\" data-large-file=\"https:\/\/i0.wp.com\/intervalphoto.fr\/wp-content\/uploads\/2019\/07\/FORMAT-6-tertiaire-St-Herblon-26.jpg?fit=1024%2C1024&amp;ssl=1\" alt=\"photographe d'architecture \u00c2\u00a9INTERVALphoto : forma6, immeubles tertiaires, Saint Herblain *d\u00c3\u00a9ambulation (reportage express portable)\" data-id=\"25195\" data-link=\"https:\/\/intervalphoto.fr\/photographe-architecture-et-industrie\/forma6-immeubles-tertiaires-saint-herblain\/format-6-tertiaire-st-herblon-26\/\" data-url=\"https:\/\/intervalphoto.fr\/wp-content\/uploads\/2019\/07\/FORMAT-6-tertiaire-St-Herblon-26.jpg\" src=\"https:\/\/i0.wp.com\/intervalphoto.fr\/wp-content\/uploads\/2019\/07\/FORMAT-6-tertiaire-St-Herblon-26.jpg?ssl=1\" data-amp-layout=\"responsive\"\/><\/figure><\/div><div class=\"tiled-gallery__col\" style=\"flex-basis:33.25243%\"><figure class=\"tiled-gallery__item\"><img data-recalc-dims=\"1\" decoding=\"async\" data-attachment-id=\"25196\" data-permalink=\"https:\/\/intervalphoto.fr\/photographe-architecture-et-industrie\/forma6-immeubles-tertiaires-saint-herblain\/format-6-tertiaire-st-herblon-27\/\" data-orig-file=\"https:\/\/i0.wp.com\/intervalphoto.fr\/wp-content\/uploads\/2019\/07\/FORMAT-6-tertiaire-St-Herblon-27.jpg?fit=%2C&amp;ssl=1\" data-orig-size=\"\" data-comments-opened=\"0\" data-image-meta=\"[]\" data-image-title=\"FORMAT-6-tertiaire-St-Herblon-27\" data-image-description=\"&lt;p&gt;photographe d&amp;rsquo;architecture \u00c2\u00a9INTERVALphoto : forma6, immeubles tertiaires, Saint Herblain *d\u00c3\u00a9ambulation (reportage express portable)&lt;\/p&gt;\n\" data-image-caption=\"&lt;p&gt;forma6, immeubles tertiaires, Saint Herblain *d\u00c3\u00a9ambulation (reportage express portable) (35) \u00c2\u00a9INTERVAL photo&lt;\/p&gt;\n\" data-large-file=\"https:\/\/i0.wp.com\/intervalphoto.fr\/wp-content\/uploads\/2019\/07\/FORMAT-6-tertiaire-St-Herblon-27.jpg?fit=1024%2C1024&amp;ssl=1\" data-attachment-id=\"25196\" data-permalink=\"https:\/\/intervalphoto.fr\/photographe-architecture-et-industrie\/forma6-immeubles-tertiaires-saint-herblain\/format-6-tertiaire-st-herblon-27\/\" data-orig-file=\"https:\/\/i0.wp.com\/intervalphoto.fr\/wp-content\/uploads\/2019\/07\/FORMAT-6-tertiaire-St-Herblon-27.jpg?fit=%2C&amp;ssl=1\" data-orig-size=\"\" data-comments-opened=\"0\" data-image-meta=\"[]\" data-image-title=\"FORMAT-6-tertiaire-St-Herblon-27\" data-image-description=\"&lt;p&gt;photographe d&amp;rsquo;architecture \u00c2\u00a9INTERVALphoto : forma6, immeubles tertiaires, Saint Herblain *d\u00c3\u00a9ambulation (reportage express portable)&lt;\/p&gt;\n\" data-image-caption=\"&lt;p&gt;forma6, immeubles tertiaires, Saint Herblain *d\u00c3\u00a9ambulation (reportage express portable) (35) \u00c2\u00a9INTERVAL photo&lt;\/p&gt;\n\" data-large-file=\"https:\/\/i0.wp.com\/intervalphoto.fr\/wp-content\/uploads\/2019\/07\/FORMAT-6-tertiaire-St-Herblon-27.jpg?fit=1024%2C1024&amp;ssl=1\" alt=\"photographe d'architecture \u00c2\u00a9INTERVALphoto : forma6, immeubles tertiaires, Saint Herblain *d\u00c3\u00a9ambulation (reportage express portable)\" data-id=\"25196\" data-link=\"https:\/\/intervalphoto.fr\/photographe-architecture-et-industrie\/forma6-immeubles-tertiaires-saint-herblain\/format-6-tertiaire-st-herblon-27\/\" data-url=\"https:\/\/intervalphoto.fr\/wp-content\/uploads\/2019\/07\/FORMAT-6-tertiaire-St-Herblon-27.jpg\" src=\"https:\/\/i0.wp.com\/intervalphoto.fr\/wp-content\/uploads\/2019\/07\/FORMAT-6-tertiaire-St-Herblon-27.jpg?ssl=1\" data-amp-layout=\"responsive\"\/><\/figure><figure class=\"tiled-gallery__item\"><img data-recalc-dims=\"1\" decoding=\"async\" data-attachment-id=\"25197\" data-permalink=\"https:\/\/intervalphoto.fr\/photographe-architecture-et-industrie\/forma6-immeubles-tertiaires-saint-herblain\/format-6-tertiaire-st-herblon-28\/\" data-orig-file=\"https:\/\/i0.wp.com\/intervalphoto.fr\/wp-content\/uploads\/2019\/07\/FORMAT-6-tertiaire-St-Herblon-28.jpg?fit=%2C&amp;ssl=1\" data-orig-size=\"\" data-comments-opened=\"0\" data-image-meta=\"[]\" data-image-title=\"FORMAT-6-tertiaire-St-Herblon-28\" data-image-description=\"&lt;p&gt;photographe d&amp;rsquo;architecture \u00c2\u00a9INTERVALphoto : forma6, immeubles tertiaires, Saint Herblain *d\u00c3\u00a9ambulation (reportage express portable)&lt;\/p&gt;\n\" data-image-caption=\"&lt;p&gt;forma6, immeubles tertiaires, Saint Herblain *d\u00c3\u00a9ambulation (reportage express portable) (35) \u00c2\u00a9INTERVAL photo&lt;\/p&gt;\n\" data-large-file=\"https:\/\/i0.wp.com\/intervalphoto.fr\/wp-content\/uploads\/2019\/07\/FORMAT-6-tertiaire-St-Herblon-28.jpg?fit=1024%2C1024&amp;ssl=1\" data-attachment-id=\"25197\" data-permalink=\"https:\/\/intervalphoto.fr\/photographe-architecture-et-industrie\/forma6-immeubles-tertiaires-saint-herblain\/format-6-tertiaire-st-herblon-28\/\" data-orig-file=\"https:\/\/i0.wp.com\/intervalphoto.fr\/wp-content\/uploads\/2019\/07\/FORMAT-6-tertiaire-St-Herblon-28.jpg?fit=%2C&amp;ssl=1\" data-orig-size=\"\" data-comments-opened=\"0\" data-image-meta=\"[]\" data-image-title=\"FORMAT-6-tertiaire-St-Herblon-28\" data-image-description=\"&lt;p&gt;photographe d&amp;rsquo;architecture \u00c2\u00a9INTERVALphoto : forma6, immeubles tertiaires, Saint Herblain *d\u00c3\u00a9ambulation (reportage express portable)&lt;\/p&gt;\n\" data-image-caption=\"&lt;p&gt;forma6, immeubles tertiaires, Saint Herblain *d\u00c3\u00a9ambulation (reportage express portable) (35) \u00c2\u00a9INTERVAL photo&lt;\/p&gt;\n\" data-large-file=\"https:\/\/i0.wp.com\/intervalphoto.fr\/wp-content\/uploads\/2019\/07\/FORMAT-6-tertiaire-St-Herblon-28.jpg?fit=1024%2C1024&amp;ssl=1\" alt=\"photographe d'architecture \u00c2\u00a9INTERVALphoto : forma6, immeubles tertiaires, Saint Herblain *d\u00c3\u00a9ambulation (reportage express portable)\" data-id=\"25197\" data-link=\"https:\/\/intervalphoto.fr\/photographe-architecture-et-industrie\/forma6-immeubles-tertiaires-saint-herblain\/format-6-tertiaire-st-herblon-28\/\" data-url=\"https:\/\/intervalphoto.fr\/wp-content\/uploads\/2019\/07\/FORMAT-6-tertiaire-St-Herblon-28.jpg\" src=\"https:\/\/i0.wp.com\/intervalphoto.fr\/wp-content\/uploads\/2019\/07\/FORMAT-6-tertiaire-St-Herblon-28.jpg?ssl=1\" data-amp-layout=\"responsive\"\/><\/figure><\/div><\/div><div class=\"tiled-gallery__row\"><div class=\"tiled-gallery__col\" style=\"flex-basis:33.33333%\"><figure class=\"tiled-gallery__item\"><img data-recalc-dims=\"1\" decoding=\"async\" data-attachment-id=\"25198\" data-permalink=\"https:\/\/intervalphoto.fr\/photographe-architecture-et-industrie\/forma6-immeubles-tertiaires-saint-herblain\/format-6-tertiaire-st-herblon-31\/\" data-orig-file=\"https:\/\/i0.wp.com\/intervalphoto.fr\/wp-content\/uploads\/2019\/07\/FORMAT-6-tertiaire-St-Herblon-31.jpg?fit=%2C&amp;ssl=1\" data-orig-size=\"\" data-comments-opened=\"0\" data-image-meta=\"[]\" data-image-title=\"FORMAT-6-tertiaire-St-Herblon-31\" data-image-description=\"&lt;p&gt;photographe d&amp;rsquo;architecture \u00c2\u00a9INTERVALphoto : forma6, immeubles tertiaires, Saint Herblain *d\u00c3\u00a9ambulation (reportage express portable)&lt;\/p&gt;\n\" data-image-caption=\"&lt;p&gt;forma6, immeubles tertiaires, Saint Herblain *d\u00c3\u00a9ambulation (reportage express portable) (35) \u00c2\u00a9INTERVAL photoforma6, immeubles tertiaires, Saint Herblain *d\u00c3\u00a9ambulation (reportage express portable) (35) \u00c2\u00a9INTERVAL photo&lt;\/p&gt;\n\" data-large-file=\"https:\/\/i0.wp.com\/intervalphoto.fr\/wp-content\/uploads\/2019\/07\/FORMAT-6-tertiaire-St-Herblon-31.jpg?fit=1024%2C1024&amp;ssl=1\" data-attachment-id=\"25198\" data-permalink=\"https:\/\/intervalphoto.fr\/photographe-architecture-et-industrie\/forma6-immeubles-tertiaires-saint-herblain\/format-6-tertiaire-st-herblon-31\/\" data-orig-file=\"https:\/\/i0.wp.com\/intervalphoto.fr\/wp-content\/uploads\/2019\/07\/FORMAT-6-tertiaire-St-Herblon-31.jpg?fit=%2C&amp;ssl=1\" data-orig-size=\"\" data-comments-opened=\"0\" data-image-meta=\"[]\" data-image-title=\"FORMAT-6-tertiaire-St-Herblon-31\" data-image-description=\"&lt;p&gt;photographe d&amp;rsquo;architecture \u00c2\u00a9INTERVALphoto : forma6, immeubles tertiaires, Saint Herblain *d\u00c3\u00a9ambulation (reportage express portable)&lt;\/p&gt;\n\" data-image-caption=\"&lt;p&gt;forma6, immeubles tertiaires, Saint Herblain *d\u00c3\u00a9ambulation (reportage express portable) (35) \u00c2\u00a9INTERVAL photoforma6, immeubles tertiaires, Saint Herblain *d\u00c3\u00a9ambulation (reportage express portable) (35) \u00c2\u00a9INTERVAL photo&lt;\/p&gt;\n\" data-large-file=\"https:\/\/i0.wp.com\/intervalphoto.fr\/wp-content\/uploads\/2019\/07\/FORMAT-6-tertiaire-St-Herblon-31.jpg?fit=1024%2C1024&amp;ssl=1\" alt=\"photographe d'architecture \u00c2\u00a9INTERVALphoto : forma6, immeubles tertiaires, Saint Herblain *d\u00c3\u00a9ambulation (reportage express portable)\" data-id=\"25198\" data-link=\"https:\/\/intervalphoto.fr\/photographe-architecture-et-industrie\/forma6-immeubles-tertiaires-saint-herblain\/format-6-tertiaire-st-herblon-31\/\" data-url=\"https:\/\/intervalphoto.fr\/wp-content\/uploads\/2019\/07\/FORMAT-6-tertiaire-St-Herblon-31.jpg\" src=\"https:\/\/i0.wp.com\/intervalphoto.fr\/wp-content\/uploads\/2019\/07\/FORMAT-6-tertiaire-St-Herblon-31.jpg?ssl=1\" data-amp-layout=\"responsive\"\/><\/figure><\/div><div class=\"tiled-gallery__col\" style=\"flex-basis:33.33333%\"><figure class=\"tiled-gallery__item\"><img data-recalc-dims=\"1\" decoding=\"async\" data-attachment-id=\"25199\" data-permalink=\"https:\/\/intervalphoto.fr\/photographe-architecture-et-industrie\/forma6-immeubles-tertiaires-saint-herblain\/format-6-tertiaire-st-herblon-35\/\" data-orig-file=\"https:\/\/i0.wp.com\/intervalphoto.fr\/wp-content\/uploads\/2019\/07\/FORMAT-6-tertiaire-St-Herblon-35.jpg?fit=%2C&amp;ssl=1\" data-orig-size=\"\" data-comments-opened=\"0\" data-image-meta=\"[]\" data-image-title=\"FORMAT-6-tertiaire-St-Herblon-35\" data-image-description=\"&lt;p&gt;photographe d&amp;rsquo;architecture \u00c2\u00a9INTERVALphoto : forma6, immeubles tertiaires, Saint Herblain *d\u00c3\u00a9ambulation (reportage express portable)&lt;\/p&gt;\n\" data-image-caption=\"\" data-large-file=\"https:\/\/i0.wp.com\/intervalphoto.fr\/wp-content\/uploads\/2019\/07\/FORMAT-6-tertiaire-St-Herblon-35.jpg?fit=1024%2C1024&amp;ssl=1\" data-attachment-id=\"25199\" data-permalink=\"https:\/\/intervalphoto.fr\/photographe-architecture-et-industrie\/forma6-immeubles-tertiaires-saint-herblain\/format-6-tertiaire-st-herblon-35\/\" data-orig-file=\"https:\/\/i0.wp.com\/intervalphoto.fr\/wp-content\/uploads\/2019\/07\/FORMAT-6-tertiaire-St-Herblon-35.jpg?fit=%2C&amp;ssl=1\" data-orig-size=\"\" data-comments-opened=\"0\" data-image-meta=\"[]\" data-image-title=\"FORMAT-6-tertiaire-St-Herblon-35\" data-image-description=\"&lt;p&gt;photographe d&amp;rsquo;architecture \u00c2\u00a9INTERVALphoto : forma6, immeubles tertiaires, Saint Herblain *d\u00c3\u00a9ambulation (reportage express portable)&lt;\/p&gt;\n\" data-image-caption=\"\" data-large-file=\"https:\/\/i0.wp.com\/intervalphoto.fr\/wp-content\/uploads\/2019\/07\/FORMAT-6-tertiaire-St-Herblon-35.jpg?fit=1024%2C1024&amp;ssl=1\" alt=\"photographe d'architecture \u00c2\u00a9INTERVALphoto : forma6, immeubles tertiaires, Saint Herblain *d\u00c3\u00a9ambulation (reportage express portable)\" data-id=\"25199\" data-link=\"https:\/\/intervalphoto.fr\/photographe-architecture-et-industrie\/forma6-immeubles-tertiaires-saint-herblain\/format-6-tertiaire-st-herblon-35\/\" data-url=\"https:\/\/intervalphoto.fr\/wp-content\/uploads\/2019\/07\/FORMAT-6-tertiaire-St-Herblon-35.jpg\" src=\"https:\/\/i0.wp.com\/intervalphoto.fr\/wp-content\/uploads\/2019\/07\/FORMAT-6-tertiaire-St-Herblon-35.jpg?ssl=1\" data-amp-layout=\"responsive\"\/><\/figure><\/div><div class=\"tiled-gallery__col\" style=\"flex-basis:33.33333%\"><figure class=\"tiled-gallery__item\"><img data-recalc-dims=\"1\" decoding=\"async\" data-attachment-id=\"25200\" data-permalink=\"https:\/\/intervalphoto.fr\/photographe-architecture-et-industrie\/forma6-immeubles-tertiaires-saint-herblain\/format-6-tertiaire-st-herblon-40\/\" data-orig-file=\"https:\/\/i0.wp.com\/intervalphoto.fr\/wp-content\/uploads\/2019\/07\/FORMAT-6-tertiaire-St-Herblon-40.jpg?fit=%2C&amp;ssl=1\" data-orig-size=\"\" data-comments-opened=\"0\" data-image-meta=\"[]\" data-image-title=\"FORMAT-6-tertiaire-St-Herblon-40\" data-image-description=\"&lt;p&gt;photographe d&amp;rsquo;architecture \u00c2\u00a9INTERVALphoto : forma6, immeubles tertiaires, Saint Herblain *d\u00c3\u00a9ambulation (reportage express portable)&lt;\/p&gt;\n\" data-image-caption=\"&lt;p&gt;forma6, immeubles tertiaires, Saint Herblain *d\u00c3\u00a9ambulation (reportage express portable) (35) \u00c2\u00a9INTERVAL photo&lt;\/p&gt;\n\" data-large-file=\"https:\/\/i0.wp.com\/intervalphoto.fr\/wp-content\/uploads\/2019\/07\/FORMAT-6-tertiaire-St-Herblon-40.jpg?fit=1024%2C1024&amp;ssl=1\" data-attachment-id=\"25200\" data-permalink=\"https:\/\/intervalphoto.fr\/photographe-architecture-et-industrie\/forma6-immeubles-tertiaires-saint-herblain\/format-6-tertiaire-st-herblon-40\/\" data-orig-file=\"https:\/\/i0.wp.com\/intervalphoto.fr\/wp-content\/uploads\/2019\/07\/FORMAT-6-tertiaire-St-Herblon-40.jpg?fit=%2C&amp;ssl=1\" data-orig-size=\"\" data-comments-opened=\"0\" data-image-meta=\"[]\" data-image-title=\"FORMAT-6-tertiaire-St-Herblon-40\" data-image-description=\"&lt;p&gt;photographe d&amp;rsquo;architecture \u00c2\u00a9INTERVALphoto : forma6, immeubles tertiaires, Saint Herblain *d\u00c3\u00a9ambulation (reportage express portable)&lt;\/p&gt;\n\" data-image-caption=\"&lt;p&gt;forma6, immeubles tertiaires, Saint Herblain *d\u00c3\u00a9ambulation (reportage express portable) (35) \u00c2\u00a9INTERVAL photo&lt;\/p&gt;\n\" data-large-file=\"https:\/\/i0.wp.com\/intervalphoto.fr\/wp-content\/uploads\/2019\/07\/FORMAT-6-tertiaire-St-Herblon-40.jpg?fit=1024%2C1024&amp;ssl=1\" alt=\"photographe d'architecture \u00c2\u00a9INTERVALphoto : forma6, immeubles tertiaires, Saint Herblain *d\u00c3\u00a9ambulation (reportage express portable)\" data-id=\"25200\" data-link=\"https:\/\/intervalphoto.fr\/photographe-architecture-et-industrie\/forma6-immeubles-tertiaires-saint-herblain\/format-6-tertiaire-st-herblon-40\/\" data-url=\"https:\/\/intervalphoto.fr\/wp-content\/uploads\/2019\/07\/FORMAT-6-tertiaire-St-Herblon-40.jpg\" src=\"https:\/\/i0.wp.com\/intervalphoto.fr\/wp-content\/uploads\/2019\/07\/FORMAT-6-tertiaire-St-Herblon-40.jpg?ssl=1\" data-amp-layout=\"responsive\"\/><\/figure><\/div><\/div><div class=\"tiled-gallery__row\"><div class=\"tiled-gallery__col\" style=\"flex-basis:33.25243%\"><figure class=\"tiled-gallery__item\"><img data-recalc-dims=\"1\" decoding=\"async\" data-attachment-id=\"25201\" data-permalink=\"https:\/\/intervalphoto.fr\/photographe-architecture-et-industrie\/forma6-immeubles-tertiaires-saint-herblain\/format-6-tertiaire-st-herblon-42\/\" data-orig-file=\"https:\/\/i0.wp.com\/intervalphoto.fr\/wp-content\/uploads\/2019\/07\/FORMAT-6-tertiaire-St-Herblon-42.jpg?fit=%2C&amp;ssl=1\" data-orig-size=\"\" data-comments-opened=\"0\" data-image-meta=\"[]\" data-image-title=\"FORMAT-6-tertiaire-St-Herblon-42\" data-image-description=\"&lt;p&gt;photographe d&amp;rsquo;architecture \u00c2\u00a9INTERVALphoto : forma6, immeubles tertiaires, Saint Herblain *d\u00c3\u00a9ambulation (reportage express portable)&lt;\/p&gt;\n\" data-image-caption=\"&lt;p&gt;forma6, immeubles tertiaires, Saint Herblain *d\u00c3\u00a9ambulation (reportage express portable) (35) \u00c2\u00a9INTERVAL photo&lt;\/p&gt;\n\" data-large-file=\"https:\/\/i0.wp.com\/intervalphoto.fr\/wp-content\/uploads\/2019\/07\/FORMAT-6-tertiaire-St-Herblon-42.jpg?fit=1024%2C1024&amp;ssl=1\" data-attachment-id=\"25201\" data-permalink=\"https:\/\/intervalphoto.fr\/photographe-architecture-et-industrie\/forma6-immeubles-tertiaires-saint-herblain\/format-6-tertiaire-st-herblon-42\/\" data-orig-file=\"https:\/\/i0.wp.com\/intervalphoto.fr\/wp-content\/uploads\/2019\/07\/FORMAT-6-tertiaire-St-Herblon-42.jpg?fit=%2C&amp;ssl=1\" data-orig-size=\"\" data-comments-opened=\"0\" data-image-meta=\"[]\" data-image-title=\"FORMAT-6-tertiaire-St-Herblon-42\" data-image-description=\"&lt;p&gt;photographe d&amp;rsquo;architecture \u00c2\u00a9INTERVALphoto : forma6, immeubles tertiaires, Saint Herblain *d\u00c3\u00a9ambulation (reportage express portable)&lt;\/p&gt;\n\" data-image-caption=\"&lt;p&gt;forma6, immeubles tertiaires, Saint Herblain *d\u00c3\u00a9ambulation (reportage express portable) (35) \u00c2\u00a9INTERVAL photo&lt;\/p&gt;\n\" data-large-file=\"https:\/\/i0.wp.com\/intervalphoto.fr\/wp-content\/uploads\/2019\/07\/FORMAT-6-tertiaire-St-Herblon-42.jpg?fit=1024%2C1024&amp;ssl=1\" alt=\"photographe d'architecture \u00c2\u00a9INTERVALphoto : forma6, immeubles tertiaires, Saint Herblain *d\u00c3\u00a9ambulation (reportage express portable)\" data-id=\"25201\" data-link=\"https:\/\/intervalphoto.fr\/photographe-architecture-et-industrie\/forma6-immeubles-tertiaires-saint-herblain\/format-6-tertiaire-st-herblon-42\/\" data-url=\"https:\/\/intervalphoto.fr\/wp-content\/uploads\/2019\/07\/FORMAT-6-tertiaire-St-Herblon-42.jpg\" src=\"https:\/\/i0.wp.com\/intervalphoto.fr\/wp-content\/uploads\/2019\/07\/FORMAT-6-tertiaire-St-Herblon-42.jpg?ssl=1\" data-amp-layout=\"responsive\"\/><\/figure><figure class=\"tiled-gallery__item\"><img data-recalc-dims=\"1\" decoding=\"async\" data-attachment-id=\"25202\" data-permalink=\"https:\/\/intervalphoto.fr\/photographe-architecture-et-industrie\/forma6-immeubles-tertiaires-saint-herblain\/format-6-tertiaire-st-herblon-46\/\" data-orig-file=\"https:\/\/i0.wp.com\/intervalphoto.fr\/wp-content\/uploads\/2019\/07\/FORMAT-6-tertiaire-St-Herblon-46.jpg?fit=%2C&amp;ssl=1\" data-orig-size=\"\" data-comments-opened=\"0\" data-image-meta=\"[]\" data-image-title=\"FORMAT-6-tertiaire-St-Herblon-46\" data-image-description=\"&lt;p&gt;photographe d&amp;rsquo;architecture \u00c2\u00a9INTERVALphoto : forma6, immeubles tertiaires, Saint Herblain *d\u00c3\u00a9ambulation (reportage express portable)&lt;\/p&gt;\n\" data-image-caption=\"&lt;p&gt;forma6, immeubles tertiaires, Saint Herblain *d\u00c3\u00a9ambulation (reportage express portable) (35) \u00c2\u00a9INTERVAL photo&lt;\/p&gt;\n\" data-large-file=\"https:\/\/i0.wp.com\/intervalphoto.fr\/wp-content\/uploads\/2019\/07\/FORMAT-6-tertiaire-St-Herblon-46.jpg?fit=1024%2C1024&amp;ssl=1\" data-attachment-id=\"25202\" data-permalink=\"https:\/\/intervalphoto.fr\/photographe-architecture-et-industrie\/forma6-immeubles-tertiaires-saint-herblain\/format-6-tertiaire-st-herblon-46\/\" data-orig-file=\"https:\/\/i0.wp.com\/intervalphoto.fr\/wp-content\/uploads\/2019\/07\/FORMAT-6-tertiaire-St-Herblon-46.jpg?fit=%2C&amp;ssl=1\" data-orig-size=\"\" data-comments-opened=\"0\" data-image-meta=\"[]\" data-image-title=\"FORMAT-6-tertiaire-St-Herblon-46\" data-image-description=\"&lt;p&gt;photographe d&amp;rsquo;architecture \u00c2\u00a9INTERVALphoto : forma6, immeubles tertiaires, Saint Herblain *d\u00c3\u00a9ambulation (reportage express portable)&lt;\/p&gt;\n\" data-image-caption=\"&lt;p&gt;forma6, immeubles tertiaires, Saint Herblain *d\u00c3\u00a9ambulation (reportage express portable) (35) \u00c2\u00a9INTERVAL photo&lt;\/p&gt;\n\" data-large-file=\"https:\/\/i0.wp.com\/intervalphoto.fr\/wp-content\/uploads\/2019\/07\/FORMAT-6-tertiaire-St-Herblon-46.jpg?fit=1024%2C1024&amp;ssl=1\" alt=\"photographe d'architecture \u00c2\u00a9INTERVALphoto : forma6, immeubles tertiaires, Saint Herblain *d\u00c3\u00a9ambulation (reportage express portable)\" data-id=\"25202\" data-link=\"https:\/\/intervalphoto.fr\/photographe-architecture-et-industrie\/forma6-immeubles-tertiaires-saint-herblain\/format-6-tertiaire-st-herblon-46\/\" data-url=\"https:\/\/intervalphoto.fr\/wp-content\/uploads\/2019\/07\/FORMAT-6-tertiaire-St-Herblon-46.jpg\" src=\"https:\/\/i0.wp.com\/intervalphoto.fr\/wp-content\/uploads\/2019\/07\/FORMAT-6-tertiaire-St-Herblon-46.jpg?ssl=1\" data-amp-layout=\"responsive\"\/><\/figure><\/div><div class=\"tiled-gallery__col\" style=\"flex-basis:66.74757%\"><figure class=\"tiled-gallery__item\"><img data-recalc-dims=\"1\" decoding=\"async\" data-attachment-id=\"25203\" data-permalink=\"https:\/\/intervalphoto.fr\/photographe-architecture-et-industrie\/forma6-immeubles-tertiaires-saint-herblain\/format-6-tertiaire-st-herblon-48\/\" data-orig-file=\"https:\/\/i0.wp.com\/intervalphoto.fr\/wp-content\/uploads\/2019\/07\/FORMAT-6-tertiaire-St-Herblon-48.jpg?fit=%2C&amp;ssl=1\" data-orig-size=\"\" data-comments-opened=\"0\" data-image-meta=\"[]\" data-image-title=\"FORMAT-6-tertiaire-St-Herblon-48\" data-image-description=\"&lt;p&gt;photographe d&amp;rsquo;architecture \u00c2\u00a9INTERVALphoto : forma6, immeubles tertiaires, Saint Herblain *d\u00c3\u00a9ambulation (reportage express portable)&lt;\/p&gt;\n\" data-image-caption=\"&lt;p&gt;forma6, immeubles tertiaires, Saint Herblain *d\u00c3\u00a9ambulation (reportage express portable) (35) \u00c2\u00a9INTERVAL photo&lt;\/p&gt;\n\" data-large-file=\"https:\/\/i0.wp.com\/intervalphoto.fr\/wp-content\/uploads\/2019\/07\/FORMAT-6-tertiaire-St-Herblon-48.jpg?fit=1024%2C1024&amp;ssl=1\" data-attachment-id=\"25203\" data-permalink=\"https:\/\/intervalphoto.fr\/photographe-architecture-et-industrie\/forma6-immeubles-tertiaires-saint-herblain\/format-6-tertiaire-st-herblon-48\/\" data-orig-file=\"https:\/\/i0.wp.com\/intervalphoto.fr\/wp-content\/uploads\/2019\/07\/FORMAT-6-tertiaire-St-Herblon-48.jpg?fit=%2C&amp;ssl=1\" data-orig-size=\"\" data-comments-opened=\"0\" data-image-meta=\"[]\" data-image-title=\"FORMAT-6-tertiaire-St-Herblon-48\" data-image-description=\"&lt;p&gt;photographe d&amp;rsquo;architecture \u00c2\u00a9INTERVALphoto : forma6, immeubles tertiaires, Saint Herblain *d\u00c3\u00a9ambulation (reportage express portable)&lt;\/p&gt;\n\" data-image-caption=\"&lt;p&gt;forma6, immeubles tertiaires, Saint Herblain *d\u00c3\u00a9ambulation (reportage express portable) (35) \u00c2\u00a9INTERVAL photo&lt;\/p&gt;\n\" data-large-file=\"https:\/\/i0.wp.com\/intervalphoto.fr\/wp-content\/uploads\/2019\/07\/FORMAT-6-tertiaire-St-Herblon-48.jpg?fit=1024%2C1024&amp;ssl=1\" alt=\"photographe d'architecture \u00c2\u00a9INTERVALphoto : forma6, immeubles tertiaires, Saint Herblain *d\u00c3\u00a9ambulation (reportage express portable)\" data-id=\"25203\" data-link=\"https:\/\/intervalphoto.fr\/photographe-architecture-et-industrie\/forma6-immeubles-tertiaires-saint-herblain\/format-6-tertiaire-st-herblon-48\/\" data-url=\"https:\/\/intervalphoto.fr\/wp-content\/uploads\/2019\/07\/FORMAT-6-tertiaire-St-Herblon-48.jpg\" src=\"https:\/\/i0.wp.com\/intervalphoto.fr\/wp-content\/uploads\/2019\/07\/FORMAT-6-tertiaire-St-Herblon-48.jpg?ssl=1\" data-amp-layout=\"responsive\"\/><\/figure><\/div><\/div><div class=\"tiled-gallery__row\"><div class=\"tiled-gallery__col\" style=\"flex-basis:50.00000%\"><figure class=\"tiled-gallery__item\"><img data-recalc-dims=\"1\" decoding=\"async\" data-attachment-id=\"25204\" data-permalink=\"https:\/\/intervalphoto.fr\/photographe-architecture-et-industrie\/forma6-immeubles-tertiaires-saint-herblain\/format-6-tertiaire-st-herblon-50\/\" data-orig-file=\"https:\/\/i0.wp.com\/intervalphoto.fr\/wp-content\/uploads\/2019\/07\/FORMAT-6-tertiaire-St-Herblon-50.jpg?fit=%2C&amp;ssl=1\" data-orig-size=\"\" data-comments-opened=\"0\" data-image-meta=\"[]\" data-image-title=\"FORMAT-6-tertiaire-St-Herblon-50\" data-image-description=\"&lt;p&gt;photographe d&amp;rsquo;architecture \u00c2\u00a9INTERVALphoto : forma6, immeubles tertiaires, Saint Herblain *d\u00c3\u00a9ambulation (reportage express portable)&lt;\/p&gt;\n\" data-image-caption=\"&lt;p&gt;forma6, immeubles tertiaires, Saint Herblain *d\u00c3\u00a9ambulation (reportage express portable) (35) \u00c2\u00a9INTERVAL photo&lt;\/p&gt;\n\" data-large-file=\"https:\/\/i0.wp.com\/intervalphoto.fr\/wp-content\/uploads\/2019\/07\/FORMAT-6-tertiaire-St-Herblon-50.jpg?fit=1024%2C1024&amp;ssl=1\" data-attachment-id=\"25204\" data-permalink=\"https:\/\/intervalphoto.fr\/photographe-architecture-et-industrie\/forma6-immeubles-tertiaires-saint-herblain\/format-6-tertiaire-st-herblon-50\/\" data-orig-file=\"https:\/\/i0.wp.com\/intervalphoto.fr\/wp-content\/uploads\/2019\/07\/FORMAT-6-tertiaire-St-Herblon-50.jpg?fit=%2C&amp;ssl=1\" data-orig-size=\"\" data-comments-opened=\"0\" data-image-meta=\"[]\" data-image-title=\"FORMAT-6-tertiaire-St-Herblon-50\" data-image-description=\"&lt;p&gt;photographe d&amp;rsquo;architecture \u00c2\u00a9INTERVALphoto : forma6, immeubles tertiaires, Saint Herblain *d\u00c3\u00a9ambulation (reportage express portable)&lt;\/p&gt;\n\" data-image-caption=\"&lt;p&gt;forma6, immeubles tertiaires, Saint Herblain *d\u00c3\u00a9ambulation (reportage express portable) (35) \u00c2\u00a9INTERVAL photo&lt;\/p&gt;\n\" data-large-file=\"https:\/\/i0.wp.com\/intervalphoto.fr\/wp-content\/uploads\/2019\/07\/FORMAT-6-tertiaire-St-Herblon-50.jpg?fit=1024%2C1024&amp;ssl=1\" alt=\"photographe d'architecture \u00c2\u00a9INTERVALphoto : forma6, immeubles tertiaires, Saint Herblain *d\u00c3\u00a9ambulation (reportage express portable)\" data-id=\"25204\" data-link=\"https:\/\/intervalphoto.fr\/photographe-architecture-et-industrie\/forma6-immeubles-tertiaires-saint-herblain\/format-6-tertiaire-st-herblon-50\/\" data-url=\"https:\/\/intervalphoto.fr\/wp-content\/uploads\/2019\/07\/FORMAT-6-tertiaire-St-Herblon-50.jpg\" src=\"https:\/\/i0.wp.com\/intervalphoto.fr\/wp-content\/uploads\/2019\/07\/FORMAT-6-tertiaire-St-Herblon-50.jpg?ssl=1\" data-amp-layout=\"responsive\"\/><\/figure><\/div><div class=\"tiled-gallery__col\" style=\"flex-basis:50.00000%\"><figure class=\"tiled-gallery__item\"><img data-recalc-dims=\"1\" decoding=\"async\" data-attachment-id=\"25205\" data-permalink=\"https:\/\/intervalphoto.fr\/photographe-architecture-et-industrie\/forma6-immeubles-tertiaires-saint-herblain\/format-6-tertiaire-st-herblon-51\/\" data-orig-file=\"https:\/\/i0.wp.com\/intervalphoto.fr\/wp-content\/uploads\/2019\/07\/FORMAT-6-tertiaire-St-Herblon-51.jpg?fit=%2C&amp;ssl=1\" data-orig-size=\"\" data-comments-opened=\"0\" data-image-meta=\"[]\" data-image-title=\"FORMAT-6-tertiaire-St-Herblon-51\" data-image-description=\"&lt;p&gt;photographe d&amp;rsquo;architecture \u00c2\u00a9INTERVALphoto : forma6, immeubles tertiaires, Saint Herblain *d\u00c3\u00a9ambulation (reportage express portable)&lt;\/p&gt;\n\" data-image-caption=\"&lt;p&gt;forma6, immeubles tertiaires, Saint Herblain *d\u00c3\u00a9ambulation (reportage express portable) (35) \u00c2\u00a9INTERVAL photo&lt;\/p&gt;\n\" data-large-file=\"https:\/\/i0.wp.com\/intervalphoto.fr\/wp-content\/uploads\/2019\/07\/FORMAT-6-tertiaire-St-Herblon-51.jpg?fit=1024%2C1024&amp;ssl=1\" data-attachment-id=\"25205\" data-permalink=\"https:\/\/intervalphoto.fr\/photographe-architecture-et-industrie\/forma6-immeubles-tertiaires-saint-herblain\/format-6-tertiaire-st-herblon-51\/\" data-orig-file=\"https:\/\/i0.wp.com\/intervalphoto.fr\/wp-content\/uploads\/2019\/07\/FORMAT-6-tertiaire-St-Herblon-51.jpg?fit=%2C&amp;ssl=1\" data-orig-size=\"\" data-comments-opened=\"0\" data-image-meta=\"[]\" data-image-title=\"FORMAT-6-tertiaire-St-Herblon-51\" data-image-description=\"&lt;p&gt;photographe d&amp;rsquo;architecture \u00c2\u00a9INTERVALphoto : forma6, immeubles tertiaires, Saint Herblain *d\u00c3\u00a9ambulation (reportage express portable)&lt;\/p&gt;\n\" data-image-caption=\"&lt;p&gt;forma6, immeubles tertiaires, Saint Herblain *d\u00c3\u00a9ambulation (reportage express portable) (35) \u00c2\u00a9INTERVAL photo&lt;\/p&gt;\n\" data-large-file=\"https:\/\/i0.wp.com\/intervalphoto.fr\/wp-content\/uploads\/2019\/07\/FORMAT-6-tertiaire-St-Herblon-51.jpg?fit=1024%2C1024&amp;ssl=1\" alt=\"photographe d'architecture \u00c2\u00a9INTERVALphoto : forma6, immeubles tertiaires, Saint Herblain *d\u00c3\u00a9ambulation (reportage express portable)\" data-id=\"25205\" data-link=\"https:\/\/intervalphoto.fr\/photographe-architecture-et-industrie\/forma6-immeubles-tertiaires-saint-herblain\/format-6-tertiaire-st-herblon-51\/\" data-url=\"https:\/\/intervalphoto.fr\/wp-content\/uploads\/2019\/07\/FORMAT-6-tertiaire-St-Herblon-51.jpg\" src=\"https:\/\/i0.wp.com\/intervalphoto.fr\/wp-content\/uploads\/2019\/07\/FORMAT-6-tertiaire-St-Herblon-51.jpg?ssl=1\" data-amp-layout=\"responsive\"\/><\/figure><\/div><\/div><\/div><\/div><\/div>\n\n\n\n<p><\/p>\n","protected":false},"excerpt":{"rendered":"","protected":false},"author":1,"featured_media":0,"comment_status":"closed","ping_status":"open","sticky":false,"template":"","format":"standard","meta":{"jetpack_post_was_ever_published":false,"_jetpack_newsletter_access":"","_jetpack_dont_email_post_to_subs":false,"_jetpack_newsletter_tier_id":0,"_jetpack_memberships_contains_paywalled_content":false,"_jetpack_memberships_contains_paid_content":false,"footnotes":""},"categories":[409,16,47],"tags":[],"class_list":["post-25158","post","type-post","status-publish","format-standard","hentry","category-architecture","category-actualite","category-nouveau-projet"],"yoast_head":"<!-- This site is optimized with the Yoast SEO plugin v27.5 - https:\/\/yoast.com\/product\/yoast-seo-wordpress\/ -->\n<title>forma6, immeubles tertiaires, Saint Herblain *d\u00e9ambulation (reportage spontan\u00e9 portable) - INTERVALphoto<\/title>\n<meta name=\"robots\" content=\"index, follow, max-snippet:-1, max-image-preview:large, max-video-preview:-1\" \/>\n<link rel=\"canonical\" href=\"https:\/\/intervalphoto.fr\/photographe-architecture-et-industrie\/forma6-immeubles-tertiaires-saint-herblain\/\" \/>\n<meta property=\"og:locale\" content=\"fr_FR\" \/>\n<meta property=\"og:type\" content=\"article\" \/>\n<meta property=\"og:title\" content=\"forma6, immeubles tertiaires, Saint Herblain *d\u00e9ambulation (reportage spontan\u00e9 portable) - INTERVALphoto\" \/>\n<meta property=\"og:url\" content=\"https:\/\/intervalphoto.fr\/photographe-architecture-et-industrie\/forma6-immeubles-tertiaires-saint-herblain\/\" \/>\n<meta property=\"og:site_name\" content=\"INTERVALphoto\" \/>\n<meta property=\"article:publisher\" content=\"https:\/\/www.facebook.com\/intervalphoto35\/\" \/>\n<meta property=\"article:author\" content=\"https:\/\/www.facebook.com\/intervalphoto35\" \/>\n<meta property=\"article:published_time\" content=\"2019-07-17T22:57:48+00:00\" \/>\n<meta property=\"article:modified_time\" content=\"2025-11-19T15:17:07+00:00\" \/>\n<meta property=\"og:image\" content=\"https:\/\/intervalphoto.fr\/wp-content\/uploads\/2019\/07\/FORMAT-6-tertiaire-St-Herblon-1.jpg\" \/>\n<meta name=\"author\" content=\"INTERVAL photo\" \/>\n<meta name=\"twitter:card\" content=\"summary_large_image\" \/>\n<meta name=\"twitter:creator\" content=\"@intervalphoto35\" \/>\n<meta name=\"twitter:site\" content=\"@intervalphoto35\" \/>\n<meta name=\"twitter:label1\" content=\"\u00c9crit par\" \/>\n\t<meta name=\"twitter:data1\" content=\"INTERVAL photo\" \/>\n\t<meta name=\"twitter:label2\" content=\"Dur\u00e9e de lecture estim\u00e9e\" \/>\n\t<meta name=\"twitter:data2\" content=\"5 minutes\" \/>\n<script type=\"application\/ld+json\" class=\"yoast-schema-graph\">{\"@context\":\"https:\\\/\\\/schema.org\",\"@graph\":[{\"@type\":\"Article\",\"@id\":\"https:\\\/\\\/intervalphoto.fr\\\/photographe-architecture-et-industrie\\\/forma6-immeubles-tertiaires-saint-herblain\\\/#article\",\"isPartOf\":{\"@id\":\"https:\\\/\\\/intervalphoto.fr\\\/photographe-architecture-et-industrie\\\/forma6-immeubles-tertiaires-saint-herblain\\\/\"},\"author\":{\"name\":\"INTERVAL photo\",\"@id\":\"https:\\\/\\\/intervalphoto.fr\\\/photographe-architecture-et-industrie\\\/#\\\/schema\\\/person\\\/830733271855af23aae09f3ebf421fe0\"},\"headline\":\"forma6, immeubles tertiaires, Saint Herblain *d\u00e9ambulation (reportage spontan\u00e9 portable)\",\"datePublished\":\"2019-07-17T22:57:48+00:00\",\"dateModified\":\"2025-11-19T15:17:07+00:00\",\"mainEntityOfPage\":{\"@id\":\"https:\\\/\\\/intervalphoto.fr\\\/photographe-architecture-et-industrie\\\/forma6-immeubles-tertiaires-saint-herblain\\\/\"},\"wordCount\":10,\"image\":{\"@id\":\"https:\\\/\\\/intervalphoto.fr\\\/photographe-architecture-et-industrie\\\/forma6-immeubles-tertiaires-saint-herblain\\\/#primaryimage\"},\"thumbnailUrl\":\"https:\\\/\\\/intervalphoto.fr\\\/wp-content\\\/uploads\\\/2019\\\/07\\\/FORMAT-6-tertiaire-St-Herblon-1.jpg\",\"articleSection\":[\"ARCHITECTURE\",\"NEWS\",\"NOUVEAU PROJET\"],\"inLanguage\":\"fr-FR\"},{\"@type\":\"WebPage\",\"@id\":\"https:\\\/\\\/intervalphoto.fr\\\/photographe-architecture-et-industrie\\\/forma6-immeubles-tertiaires-saint-herblain\\\/\",\"url\":\"https:\\\/\\\/intervalphoto.fr\\\/photographe-architecture-et-industrie\\\/forma6-immeubles-tertiaires-saint-herblain\\\/\",\"name\":\"forma6, immeubles tertiaires, Saint Herblain *d\u00e9ambulation (reportage spontan\u00e9 portable) - INTERVALphoto\",\"isPartOf\":{\"@id\":\"https:\\\/\\\/intervalphoto.fr\\\/photographe-architecture-et-industrie\\\/#website\"},\"primaryImageOfPage\":{\"@id\":\"https:\\\/\\\/intervalphoto.fr\\\/photographe-architecture-et-industrie\\\/forma6-immeubles-tertiaires-saint-herblain\\\/#primaryimage\"},\"image\":{\"@id\":\"https:\\\/\\\/intervalphoto.fr\\\/photographe-architecture-et-industrie\\\/forma6-immeubles-tertiaires-saint-herblain\\\/#primaryimage\"},\"thumbnailUrl\":\"https:\\\/\\\/intervalphoto.fr\\\/wp-content\\\/uploads\\\/2019\\\/07\\\/FORMAT-6-tertiaire-St-Herblon-1.jpg\",\"datePublished\":\"2019-07-17T22:57:48+00:00\",\"dateModified\":\"2025-11-19T15:17:07+00:00\",\"author\":{\"@id\":\"https:\\\/\\\/intervalphoto.fr\\\/photographe-architecture-et-industrie\\\/#\\\/schema\\\/person\\\/830733271855af23aae09f3ebf421fe0\"},\"breadcrumb\":{\"@id\":\"https:\\\/\\\/intervalphoto.fr\\\/photographe-architecture-et-industrie\\\/forma6-immeubles-tertiaires-saint-herblain\\\/#breadcrumb\"},\"inLanguage\":\"fr-FR\",\"potentialAction\":[{\"@type\":\"ReadAction\",\"target\":[\"https:\\\/\\\/intervalphoto.fr\\\/photographe-architecture-et-industrie\\\/forma6-immeubles-tertiaires-saint-herblain\\\/\"]}]},{\"@type\":\"ImageObject\",\"inLanguage\":\"fr-FR\",\"@id\":\"https:\\\/\\\/intervalphoto.fr\\\/photographe-architecture-et-industrie\\\/forma6-immeubles-tertiaires-saint-herblain\\\/#primaryimage\",\"url\":\"https:\\\/\\\/intervalphoto.fr\\\/wp-content\\\/uploads\\\/2019\\\/07\\\/FORMAT-6-tertiaire-St-Herblon-1.jpg\",\"contentUrl\":\"https:\\\/\\\/intervalphoto.fr\\\/wp-content\\\/uploads\\\/2019\\\/07\\\/FORMAT-6-tertiaire-St-Herblon-1.jpg\"},{\"@type\":\"BreadcrumbList\",\"@id\":\"https:\\\/\\\/intervalphoto.fr\\\/photographe-architecture-et-industrie\\\/forma6-immeubles-tertiaires-saint-herblain\\\/#breadcrumb\",\"itemListElement\":[{\"@type\":\"ListItem\",\"position\":1,\"name\":\"Accueil\",\"item\":\"https:\\\/\\\/intervalphoto.fr\\\/photographe-architecture-et-industrie\\\/\"},{\"@type\":\"ListItem\",\"position\":2,\"name\":\"forma6, immeubles tertiaires, Saint Herblain *d\u00e9ambulation (reportage spontan\u00e9 portable)\"}]},{\"@type\":\"WebSite\",\"@id\":\"https:\\\/\\\/intervalphoto.fr\\\/photographe-architecture-et-industrie\\\/#website\",\"url\":\"https:\\\/\\\/intervalphoto.fr\\\/photographe-architecture-et-industrie\\\/\",\"name\":\"INTERVALphoto\",\"description\":\"revealing...\",\"potentialAction\":[{\"@type\":\"SearchAction\",\"target\":{\"@type\":\"EntryPoint\",\"urlTemplate\":\"https:\\\/\\\/intervalphoto.fr\\\/photographe-architecture-et-industrie\\\/?s={search_term_string}\"},\"query-input\":{\"@type\":\"PropertyValueSpecification\",\"valueRequired\":true,\"valueName\":\"search_term_string\"}}],\"inLanguage\":\"fr-FR\"},{\"@type\":\"Person\",\"@id\":\"https:\\\/\\\/intervalphoto.fr\\\/photographe-architecture-et-industrie\\\/#\\\/schema\\\/person\\\/830733271855af23aae09f3ebf421fe0\",\"name\":\"INTERVAL photo\",\"image\":{\"@type\":\"ImageObject\",\"inLanguage\":\"fr-FR\",\"@id\":\"https:\\\/\\\/secure.gravatar.com\\\/avatar\\\/398d576c45a6d1d3683c3742805f7d60f73d9416547942681b99c8363666d3f8?s=96&d=mm&r=g\",\"url\":\"https:\\\/\\\/secure.gravatar.com\\\/avatar\\\/398d576c45a6d1d3683c3742805f7d60f73d9416547942681b99c8363666d3f8?s=96&d=mm&r=g\",\"contentUrl\":\"https:\\\/\\\/secure.gravatar.com\\\/avatar\\\/398d576c45a6d1d3683c3742805f7d60f73d9416547942681b99c8363666d3f8?s=96&d=mm&r=g\",\"caption\":\"INTERVAL photo\"},\"sameAs\":[\"http:\\\/\\\/www.intervalphoto.fr\",\"https:\\\/\\\/www.facebook.com\\\/intervalphoto35\",\"https:\\\/\\\/www.instagram.com\\\/quideaufrancois\",\"http:\\\/\\\/fr.linkedin.com\\\/in\\\/quideaufrancois\",\"https:\\\/\\\/fr.pinterest.com\\\/fquideau\\\/\",\"https:\\\/\\\/x.com\\\/@intervalphoto35\",\"https:\\\/\\\/www.youtube.com\\\/channel\\\/UCKiJPIR1CaZaewFgfOv4fFA\"],\"url\":\"https:\\\/\\\/intervalphoto.fr\\\/photographe-architecture-et-industrie\\\/author\\\/root\\\/\"}]}<\/script>\n<!-- \/ Yoast SEO plugin. -->","yoast_head_json":{"title":"forma6, immeubles tertiaires, Saint Herblain *d\u00e9ambulation (reportage spontan\u00e9 portable) - INTERVALphoto","robots":{"index":"index","follow":"follow","max-snippet":"max-snippet:-1","max-image-preview":"max-image-preview:large","max-video-preview":"max-video-preview:-1"},"canonical":"https:\/\/intervalphoto.fr\/photographe-architecture-et-industrie\/forma6-immeubles-tertiaires-saint-herblain\/","og_locale":"fr_FR","og_type":"article","og_title":"forma6, immeubles tertiaires, Saint Herblain *d\u00e9ambulation (reportage spontan\u00e9 portable) - INTERVALphoto","og_url":"https:\/\/intervalphoto.fr\/photographe-architecture-et-industrie\/forma6-immeubles-tertiaires-saint-herblain\/","og_site_name":"INTERVALphoto","article_publisher":"https:\/\/www.facebook.com\/intervalphoto35\/","article_author":"https:\/\/www.facebook.com\/intervalphoto35","article_published_time":"2019-07-17T22:57:48+00:00","article_modified_time":"2025-11-19T15:17:07+00:00","og_image":[{"url":"https:\/\/intervalphoto.fr\/wp-content\/uploads\/2019\/07\/FORMAT-6-tertiaire-St-Herblon-1.jpg","type":"","width":"","height":""}],"author":"INTERVAL photo","twitter_card":"summary_large_image","twitter_creator":"@intervalphoto35","twitter_site":"@intervalphoto35","twitter_misc":{"\u00c9crit par":"INTERVAL photo","Dur\u00e9e de lecture estim\u00e9e":"5 minutes"},"schema":{"@context":"https:\/\/schema.org","@graph":[{"@type":"Article","@id":"https:\/\/intervalphoto.fr\/photographe-architecture-et-industrie\/forma6-immeubles-tertiaires-saint-herblain\/#article","isPartOf":{"@id":"https:\/\/intervalphoto.fr\/photographe-architecture-et-industrie\/forma6-immeubles-tertiaires-saint-herblain\/"},"author":{"name":"INTERVAL photo","@id":"https:\/\/intervalphoto.fr\/photographe-architecture-et-industrie\/#\/schema\/person\/830733271855af23aae09f3ebf421fe0"},"headline":"forma6, immeubles tertiaires, Saint Herblain *d\u00e9ambulation (reportage spontan\u00e9 portable)","datePublished":"2019-07-17T22:57:48+00:00","dateModified":"2025-11-19T15:17:07+00:00","mainEntityOfPage":{"@id":"https:\/\/intervalphoto.fr\/photographe-architecture-et-industrie\/forma6-immeubles-tertiaires-saint-herblain\/"},"wordCount":10,"image":{"@id":"https:\/\/intervalphoto.fr\/photographe-architecture-et-industrie\/forma6-immeubles-tertiaires-saint-herblain\/#primaryimage"},"thumbnailUrl":"https:\/\/intervalphoto.fr\/wp-content\/uploads\/2019\/07\/FORMAT-6-tertiaire-St-Herblon-1.jpg","articleSection":["ARCHITECTURE","NEWS","NOUVEAU PROJET"],"inLanguage":"fr-FR"},{"@type":"WebPage","@id":"https:\/\/intervalphoto.fr\/photographe-architecture-et-industrie\/forma6-immeubles-tertiaires-saint-herblain\/","url":"https:\/\/intervalphoto.fr\/photographe-architecture-et-industrie\/forma6-immeubles-tertiaires-saint-herblain\/","name":"forma6, immeubles tertiaires, Saint Herblain *d\u00e9ambulation (reportage spontan\u00e9 portable) - INTERVALphoto","isPartOf":{"@id":"https:\/\/intervalphoto.fr\/photographe-architecture-et-industrie\/#website"},"primaryImageOfPage":{"@id":"https:\/\/intervalphoto.fr\/photographe-architecture-et-industrie\/forma6-immeubles-tertiaires-saint-herblain\/#primaryimage"},"image":{"@id":"https:\/\/intervalphoto.fr\/photographe-architecture-et-industrie\/forma6-immeubles-tertiaires-saint-herblain\/#primaryimage"},"thumbnailUrl":"https:\/\/intervalphoto.fr\/wp-content\/uploads\/2019\/07\/FORMAT-6-tertiaire-St-Herblon-1.jpg","datePublished":"2019-07-17T22:57:48+00:00","dateModified":"2025-11-19T15:17:07+00:00","author":{"@id":"https:\/\/intervalphoto.fr\/photographe-architecture-et-industrie\/#\/schema\/person\/830733271855af23aae09f3ebf421fe0"},"breadcrumb":{"@id":"https:\/\/intervalphoto.fr\/photographe-architecture-et-industrie\/forma6-immeubles-tertiaires-saint-herblain\/#breadcrumb"},"inLanguage":"fr-FR","potentialAction":[{"@type":"ReadAction","target":["https:\/\/intervalphoto.fr\/photographe-architecture-et-industrie\/forma6-immeubles-tertiaires-saint-herblain\/"]}]},{"@type":"ImageObject","inLanguage":"fr-FR","@id":"https:\/\/intervalphoto.fr\/photographe-architecture-et-industrie\/forma6-immeubles-tertiaires-saint-herblain\/#primaryimage","url":"https:\/\/intervalphoto.fr\/wp-content\/uploads\/2019\/07\/FORMAT-6-tertiaire-St-Herblon-1.jpg","contentUrl":"https:\/\/intervalphoto.fr\/wp-content\/uploads\/2019\/07\/FORMAT-6-tertiaire-St-Herblon-1.jpg"},{"@type":"BreadcrumbList","@id":"https:\/\/intervalphoto.fr\/photographe-architecture-et-industrie\/forma6-immeubles-tertiaires-saint-herblain\/#breadcrumb","itemListElement":[{"@type":"ListItem","position":1,"name":"Accueil","item":"https:\/\/intervalphoto.fr\/photographe-architecture-et-industrie\/"},{"@type":"ListItem","position":2,"name":"forma6, immeubles tertiaires, Saint Herblain *d\u00e9ambulation (reportage spontan\u00e9 portable)"}]},{"@type":"WebSite","@id":"https:\/\/intervalphoto.fr\/photographe-architecture-et-industrie\/#website","url":"https:\/\/intervalphoto.fr\/photographe-architecture-et-industrie\/","name":"INTERVALphoto","description":"revealing...","potentialAction":[{"@type":"SearchAction","target":{"@type":"EntryPoint","urlTemplate":"https:\/\/intervalphoto.fr\/photographe-architecture-et-industrie\/?s={search_term_string}"},"query-input":{"@type":"PropertyValueSpecification","valueRequired":true,"valueName":"search_term_string"}}],"inLanguage":"fr-FR"},{"@type":"Person","@id":"https:\/\/intervalphoto.fr\/photographe-architecture-et-industrie\/#\/schema\/person\/830733271855af23aae09f3ebf421fe0","name":"INTERVAL photo","image":{"@type":"ImageObject","inLanguage":"fr-FR","@id":"https:\/\/secure.gravatar.com\/avatar\/398d576c45a6d1d3683c3742805f7d60f73d9416547942681b99c8363666d3f8?s=96&d=mm&r=g","url":"https:\/\/secure.gravatar.com\/avatar\/398d576c45a6d1d3683c3742805f7d60f73d9416547942681b99c8363666d3f8?s=96&d=mm&r=g","contentUrl":"https:\/\/secure.gravatar.com\/avatar\/398d576c45a6d1d3683c3742805f7d60f73d9416547942681b99c8363666d3f8?s=96&d=mm&r=g","caption":"INTERVAL photo"},"sameAs":["http:\/\/www.intervalphoto.fr","https:\/\/www.facebook.com\/intervalphoto35","https:\/\/www.instagram.com\/quideaufrancois","http:\/\/fr.linkedin.com\/in\/quideaufrancois","https:\/\/fr.pinterest.com\/fquideau\/","https:\/\/x.com\/@intervalphoto35","https:\/\/www.youtube.com\/channel\/UCKiJPIR1CaZaewFgfOv4fFA"],"url":"https:\/\/intervalphoto.fr\/photographe-architecture-et-industrie\/author\/root\/"}]}},"jetpack_featured_media_url":"","jetpack_sharing_enabled":true,"jetpack_likes_enabled":true,"jetpack-related-posts":[],"_links":{"self":[{"href":"https:\/\/intervalphoto.fr\/photographe-architecture-et-industrie\/wp-json\/wp\/v2\/posts\/25158","targetHints":{"allow":["GET"]}}],"collection":[{"href":"https:\/\/intervalphoto.fr\/photographe-architecture-et-industrie\/wp-json\/wp\/v2\/posts"}],"about":[{"href":"https:\/\/intervalphoto.fr\/photographe-architecture-et-industrie\/wp-json\/wp\/v2\/types\/post"}],"author":[{"embeddable":true,"href":"https:\/\/intervalphoto.fr\/photographe-architecture-et-industrie\/wp-json\/wp\/v2\/users\/1"}],"replies":[{"embeddable":true,"href":"https:\/\/intervalphoto.fr\/photographe-architecture-et-industrie\/wp-json\/wp\/v2\/comments?post=25158"}],"version-history":[{"count":1,"href":"https:\/\/intervalphoto.fr\/photographe-architecture-et-industrie\/wp-json\/wp\/v2\/posts\/25158\/revisions"}],"predecessor-version":[{"id":40283,"href":"https:\/\/intervalphoto.fr\/photographe-architecture-et-industrie\/wp-json\/wp\/v2\/posts\/25158\/revisions\/40283"}],"wp:attachment":[{"href":"https:\/\/intervalphoto.fr\/photographe-architecture-et-industrie\/wp-json\/wp\/v2\/media?parent=25158"}],"wp:term":[{"taxonomy":"category","embeddable":true,"href":"https:\/\/intervalphoto.fr\/photographe-architecture-et-industrie\/wp-json\/wp\/v2\/categories?post=25158"},{"taxonomy":"post_tag","embeddable":true,"href":"https:\/\/intervalphoto.fr\/photographe-architecture-et-industrie\/wp-json\/wp\/v2\/tags?post=25158"}],"curies":[{"name":"wp","href":"https:\/\/api.w.org\/{rel}","templated":true}]}}