{"id":7405,"date":"2016-02-13T19:45:50","date_gmt":"2016-02-13T17:45:50","guid":{"rendered":"http:\/\/intervalphoto.fr\/photographe-architecture-et-industrie\/?p=7405"},"modified":"2025-11-19T17:28:23","modified_gmt":"2025-11-19T15:28:23","slug":"20160210-le-platinium-le-rheu","status":"publish","type":"post","link":"https:\/\/intervalphoto.fr\/photographe-architecture-et-industrie\/20160210-le-platinium-le-rheu\/","title":{"rendered":"20160210-Le Platinium, le Rheu, 35"},"content":{"rendered":"\n<p>Le Platinium, c&rsquo;est pas tous les jours qu&rsquo;on s&rsquo;amuse au Rheu \ud83d\ude09<\/p>\n\n\n\n<div class=\"wp-block-jetpack-tiled-gallery aligncenter is-style-rectangular\"><div class=\"\"><div class=\"tiled-gallery__gallery\"><div class=\"tiled-gallery__row\"><div class=\"tiled-gallery__col\" style=\"flex-basis:66.74757%\"><figure class=\"tiled-gallery__item\"><img decoding=\"async\" data-attachment-id=\"7406\" data-permalink=\"https:\/\/intervalphoto.fr\/photographe-architecture-et-industrie\/20160210-le-platinium-le-rheu\/int_2735\/\" data-orig-file=\"https:\/\/i0.wp.com\/intervalphoto.fr\/wp-content\/uploads\/2016\/02\/INT_2735.jpg?fit=668%2C1000&amp;ssl=1\" data-orig-size=\"668,1000\" data-comments-opened=\"0\" data-image-meta=\"{&quot;aperture&quot;:&quot;0&quot;,&quot;credit&quot;:&quot;Quideau Francois&quot;,&quot;camera&quot;:&quot;&quot;,&quot;caption&quot;:&quot;&quot;,&quot;created_timestamp&quot;:&quot;0&quot;,&quot;copyright&quot;:&quot;INTERVAL photo&quot;,&quot;focal_length&quot;:&quot;0&quot;,&quot;iso&quot;:&quot;0&quot;,&quot;shutter_speed&quot;:&quot;0&quot;,&quot;title&quot;:&quot;&quot;,&quot;orientation&quot;:&quot;1&quot;}\" data-image-title=\"Discoth\u00c3\u00a8que Le Platinium, le Rheu \u00c2\u00a9 INTERVALphoto\" data-image-description=\"&lt;p&gt;Discoth\u00c3\u00a8que Le Platinium, le Rheu \u00c2\u00a9 INTERVALphoto&lt;\/p&gt;\n\" data-image-caption=\"&lt;p&gt;Discoth\u00c3\u00a8que Le Platinium, le Rheu \u00c2\u00a9 INTERVALphoto&lt;\/p&gt;\n\" data-large-file=\"https:\/\/i0.wp.com\/intervalphoto.fr\/wp-content\/uploads\/2016\/02\/INT_2735.jpg?fit=668%2C1000&amp;ssl=1\" data-attachment-id=\"7406\" data-permalink=\"https:\/\/intervalphoto.fr\/photographe-architecture-et-industrie\/20160210-le-platinium-le-rheu\/int_2735\/\" data-orig-file=\"https:\/\/i0.wp.com\/intervalphoto.fr\/wp-content\/uploads\/2016\/02\/INT_2735.jpg?fit=668%2C1000&amp;ssl=1\" data-orig-size=\"668,1000\" data-comments-opened=\"0\" data-image-meta=\"{&quot;aperture&quot;:&quot;0&quot;,&quot;credit&quot;:&quot;Quideau Francois&quot;,&quot;camera&quot;:&quot;&quot;,&quot;caption&quot;:&quot;&quot;,&quot;created_timestamp&quot;:&quot;0&quot;,&quot;copyright&quot;:&quot;INTERVAL photo&quot;,&quot;focal_length&quot;:&quot;0&quot;,&quot;iso&quot;:&quot;0&quot;,&quot;shutter_speed&quot;:&quot;0&quot;,&quot;title&quot;:&quot;&quot;,&quot;orientation&quot;:&quot;1&quot;}\" data-image-title=\"Discoth\u00c3\u00a8que Le Platinium, le Rheu \u00c2\u00a9 INTERVALphoto\" data-image-description=\"&lt;p&gt;Discoth\u00c3\u00a8que Le Platinium, le Rheu \u00c2\u00a9 INTERVALphoto&lt;\/p&gt;\n\" data-image-caption=\"&lt;p&gt;Discoth\u00c3\u00a8que Le Platinium, le Rheu \u00c2\u00a9 INTERVALphoto&lt;\/p&gt;\n\" data-large-file=\"https:\/\/i0.wp.com\/intervalphoto.fr\/wp-content\/uploads\/2016\/02\/INT_2735.jpg?fit=668%2C1000&amp;ssl=1\" role=\"button\" tabindex=\"0\" aria-label=\"Ouvrir l\u2019image 1 sur 14 en plein \u00e9cran\"srcset=\"https:\/\/i0.wp.com\/intervalphoto.fr\/wp-content\/uploads\/2016\/02\/INT_2735.jpg?strip=info&#038;w=600&#038;ssl=1 600w,https:\/\/i0.wp.com\/intervalphoto.fr\/wp-content\/uploads\/2016\/02\/INT_2735.jpg?strip=info&#038;w=668&#038;ssl=1 668w\" alt=\"Discoth\u00c3\u00a8que Le Platinium, le Rheu \u00c2\u00a9 INTERVALphoto\" data-height=\"1000\" data-id=\"7406\" data-link=\"https:\/\/intervalphoto.fr\/photographe-architecture-et-industrie\/20160210-le-platinium-le-rheu\/int_2735\/\" data-url=\"https:\/\/intervalphoto.fr\/wp-content\/uploads\/2016\/02\/INT_2735.jpg\" data-width=\"668\" src=\"https:\/\/i0.wp.com\/intervalphoto.fr\/wp-content\/uploads\/2016\/02\/INT_2735.jpg?ssl=1\" data-amp-layout=\"responsive\"\/><\/figure><\/div><div class=\"tiled-gallery__col\" style=\"flex-basis:33.25243%\"><figure class=\"tiled-gallery__item\"><img decoding=\"async\" data-attachment-id=\"7407\" data-permalink=\"https:\/\/intervalphoto.fr\/photographe-architecture-et-industrie\/20160210-le-platinium-le-rheu\/int_2740\/\" data-orig-file=\"https:\/\/i0.wp.com\/intervalphoto.fr\/wp-content\/uploads\/2016\/02\/INT_2740.jpg?fit=624%2C1000&amp;ssl=1\" data-orig-size=\"624,1000\" data-comments-opened=\"0\" data-image-meta=\"{&quot;aperture&quot;:&quot;0&quot;,&quot;credit&quot;:&quot;Quideau Francois&quot;,&quot;camera&quot;:&quot;&quot;,&quot;caption&quot;:&quot;&quot;,&quot;created_timestamp&quot;:&quot;0&quot;,&quot;copyright&quot;:&quot;INTERVAL photo&quot;,&quot;focal_length&quot;:&quot;0&quot;,&quot;iso&quot;:&quot;0&quot;,&quot;shutter_speed&quot;:&quot;0&quot;,&quot;title&quot;:&quot;&quot;,&quot;orientation&quot;:&quot;1&quot;}\" data-image-title=\"INT_2740\" data-image-description=\"\" data-image-caption=\"&lt;p&gt;Discoth\u00c3\u00a8que Le Platinium, le Rheu \u00c2\u00a9 INTERVALphoto&lt;\/p&gt;\n\" data-large-file=\"https:\/\/i0.wp.com\/intervalphoto.fr\/wp-content\/uploads\/2016\/02\/INT_2740.jpg?fit=624%2C1000&amp;ssl=1\" data-attachment-id=\"7407\" data-permalink=\"https:\/\/intervalphoto.fr\/photographe-architecture-et-industrie\/20160210-le-platinium-le-rheu\/int_2740\/\" data-orig-file=\"https:\/\/i0.wp.com\/intervalphoto.fr\/wp-content\/uploads\/2016\/02\/INT_2740.jpg?fit=624%2C1000&amp;ssl=1\" data-orig-size=\"624,1000\" data-comments-opened=\"0\" data-image-meta=\"{&quot;aperture&quot;:&quot;0&quot;,&quot;credit&quot;:&quot;Quideau Francois&quot;,&quot;camera&quot;:&quot;&quot;,&quot;caption&quot;:&quot;&quot;,&quot;created_timestamp&quot;:&quot;0&quot;,&quot;copyright&quot;:&quot;INTERVAL photo&quot;,&quot;focal_length&quot;:&quot;0&quot;,&quot;iso&quot;:&quot;0&quot;,&quot;shutter_speed&quot;:&quot;0&quot;,&quot;title&quot;:&quot;&quot;,&quot;orientation&quot;:&quot;1&quot;}\" data-image-title=\"INT_2740\" data-image-description=\"\" data-image-caption=\"&lt;p&gt;Discoth\u00c3\u00a8que Le Platinium, le Rheu \u00c2\u00a9 INTERVALphoto&lt;\/p&gt;\n\" data-large-file=\"https:\/\/i0.wp.com\/intervalphoto.fr\/wp-content\/uploads\/2016\/02\/INT_2740.jpg?fit=624%2C1000&amp;ssl=1\" role=\"button\" tabindex=\"0\" aria-label=\"Ouvrir l\u2019image 2 sur 14 en plein \u00e9cran\"srcset=\"https:\/\/i0.wp.com\/intervalphoto.fr\/wp-content\/uploads\/2016\/02\/INT_2740.jpg?strip=info&#038;w=600&#038;ssl=1 600w,https:\/\/i0.wp.com\/intervalphoto.fr\/wp-content\/uploads\/2016\/02\/INT_2740.jpg?strip=info&#038;w=624&#038;ssl=1 624w\" alt=\"\" data-height=\"1000\" data-id=\"7407\" data-link=\"https:\/\/intervalphoto.fr\/photographe-architecture-et-industrie\/20160210-le-platinium-le-rheu\/int_2740\/\" data-url=\"https:\/\/intervalphoto.fr\/wp-content\/uploads\/2016\/02\/INT_2740.jpg\" data-width=\"624\" src=\"https:\/\/i0.wp.com\/intervalphoto.fr\/wp-content\/uploads\/2016\/02\/INT_2740.jpg?ssl=1\" data-amp-layout=\"responsive\"\/><\/figure><\/div><div class=\"tiled-gallery__col\"><figure class=\"tiled-gallery__item\"><img decoding=\"async\" data-attachment-id=\"7408\" data-permalink=\"https:\/\/intervalphoto.fr\/photographe-architecture-et-industrie\/20160210-le-platinium-le-rheu\/int_2741\/\" data-orig-file=\"https:\/\/i0.wp.com\/intervalphoto.fr\/wp-content\/uploads\/2016\/02\/INT_2741.jpg?fit=671%2C1000&amp;ssl=1\" data-orig-size=\"671,1000\" data-comments-opened=\"0\" data-image-meta=\"{&quot;aperture&quot;:&quot;0&quot;,&quot;credit&quot;:&quot;Quideau Francois&quot;,&quot;camera&quot;:&quot;&quot;,&quot;caption&quot;:&quot;&quot;,&quot;created_timestamp&quot;:&quot;0&quot;,&quot;copyright&quot;:&quot;INTERVAL photo&quot;,&quot;focal_length&quot;:&quot;0&quot;,&quot;iso&quot;:&quot;0&quot;,&quot;shutter_speed&quot;:&quot;0&quot;,&quot;title&quot;:&quot;&quot;,&quot;orientation&quot;:&quot;1&quot;}\" data-image-title=\"INT_2741\" data-image-description=\"\" data-image-caption=\"&lt;p&gt;Discoth\u00c3\u00a8que Le Platinium, le Rheu \u00c2\u00a9 INTERVALphoto&lt;\/p&gt;\n\" data-large-file=\"https:\/\/i0.wp.com\/intervalphoto.fr\/wp-content\/uploads\/2016\/02\/INT_2741.jpg?fit=671%2C1000&amp;ssl=1\" data-attachment-id=\"7408\" data-permalink=\"https:\/\/intervalphoto.fr\/photographe-architecture-et-industrie\/20160210-le-platinium-le-rheu\/int_2741\/\" data-orig-file=\"https:\/\/i0.wp.com\/intervalphoto.fr\/wp-content\/uploads\/2016\/02\/INT_2741.jpg?fit=671%2C1000&amp;ssl=1\" data-orig-size=\"671,1000\" data-comments-opened=\"0\" data-image-meta=\"{&quot;aperture&quot;:&quot;0&quot;,&quot;credit&quot;:&quot;Quideau Francois&quot;,&quot;camera&quot;:&quot;&quot;,&quot;caption&quot;:&quot;&quot;,&quot;created_timestamp&quot;:&quot;0&quot;,&quot;copyright&quot;:&quot;INTERVAL photo&quot;,&quot;focal_length&quot;:&quot;0&quot;,&quot;iso&quot;:&quot;0&quot;,&quot;shutter_speed&quot;:&quot;0&quot;,&quot;title&quot;:&quot;&quot;,&quot;orientation&quot;:&quot;1&quot;}\" data-image-title=\"INT_2741\" data-image-description=\"\" data-image-caption=\"&lt;p&gt;Discoth\u00c3\u00a8que Le Platinium, le Rheu \u00c2\u00a9 INTERVALphoto&lt;\/p&gt;\n\" data-large-file=\"https:\/\/i0.wp.com\/intervalphoto.fr\/wp-content\/uploads\/2016\/02\/INT_2741.jpg?fit=671%2C1000&amp;ssl=1\" role=\"button\" tabindex=\"0\" aria-label=\"Ouvrir l\u2019image 3 sur 14 en plein \u00e9cran\"srcset=\"https:\/\/i0.wp.com\/intervalphoto.fr\/wp-content\/uploads\/2016\/02\/INT_2741.jpg?strip=info&#038;w=600&#038;ssl=1 600w,https:\/\/i0.wp.com\/intervalphoto.fr\/wp-content\/uploads\/2016\/02\/INT_2741.jpg?strip=info&#038;w=671&#038;ssl=1 671w\" alt=\"\" data-height=\"1000\" data-id=\"7408\" data-link=\"https:\/\/intervalphoto.fr\/photographe-architecture-et-industrie\/20160210-le-platinium-le-rheu\/int_2741\/\" data-url=\"https:\/\/intervalphoto.fr\/wp-content\/uploads\/2016\/02\/INT_2741.jpg\" data-width=\"671\" src=\"https:\/\/i0.wp.com\/intervalphoto.fr\/wp-content\/uploads\/2016\/02\/INT_2741.jpg?ssl=1\" data-amp-layout=\"responsive\"\/><\/figure><\/div><div class=\"tiled-gallery__col\"><figure class=\"tiled-gallery__item\"><img decoding=\"async\" data-attachment-id=\"7409\" data-permalink=\"https:\/\/intervalphoto.fr\/photographe-architecture-et-industrie\/20160210-le-platinium-le-rheu\/int_2747\/\" data-orig-file=\"https:\/\/i0.wp.com\/intervalphoto.fr\/wp-content\/uploads\/2016\/02\/INT_2747.jpg?fit=563%2C1000&amp;ssl=1\" data-orig-size=\"563,1000\" data-comments-opened=\"0\" data-image-meta=\"{&quot;aperture&quot;:&quot;0&quot;,&quot;credit&quot;:&quot;Quideau Francois&quot;,&quot;camera&quot;:&quot;&quot;,&quot;caption&quot;:&quot;&quot;,&quot;created_timestamp&quot;:&quot;0&quot;,&quot;copyright&quot;:&quot;INTERVAL photo&quot;,&quot;focal_length&quot;:&quot;0&quot;,&quot;iso&quot;:&quot;0&quot;,&quot;shutter_speed&quot;:&quot;0&quot;,&quot;title&quot;:&quot;&quot;,&quot;orientation&quot;:&quot;1&quot;}\" data-image-title=\"INT_2747\" data-image-description=\"\" data-image-caption=\"&lt;p&gt;Discoth\u00c3\u00a8que Le Platinium, le Rheu \u00c2\u00a9 INTERVALphoto&lt;\/p&gt;\n\" data-large-file=\"https:\/\/i0.wp.com\/intervalphoto.fr\/wp-content\/uploads\/2016\/02\/INT_2747.jpg?fit=563%2C1000&amp;ssl=1\" data-attachment-id=\"7409\" data-permalink=\"https:\/\/intervalphoto.fr\/photographe-architecture-et-industrie\/20160210-le-platinium-le-rheu\/int_2747\/\" data-orig-file=\"https:\/\/i0.wp.com\/intervalphoto.fr\/wp-content\/uploads\/2016\/02\/INT_2747.jpg?fit=563%2C1000&amp;ssl=1\" data-orig-size=\"563,1000\" data-comments-opened=\"0\" data-image-meta=\"{&quot;aperture&quot;:&quot;0&quot;,&quot;credit&quot;:&quot;Quideau Francois&quot;,&quot;camera&quot;:&quot;&quot;,&quot;caption&quot;:&quot;&quot;,&quot;created_timestamp&quot;:&quot;0&quot;,&quot;copyright&quot;:&quot;INTERVAL photo&quot;,&quot;focal_length&quot;:&quot;0&quot;,&quot;iso&quot;:&quot;0&quot;,&quot;shutter_speed&quot;:&quot;0&quot;,&quot;title&quot;:&quot;&quot;,&quot;orientation&quot;:&quot;1&quot;}\" data-image-title=\"INT_2747\" data-image-description=\"\" data-image-caption=\"&lt;p&gt;Discoth\u00c3\u00a8que Le Platinium, le Rheu \u00c2\u00a9 INTERVALphoto&lt;\/p&gt;\n\" data-large-file=\"https:\/\/i0.wp.com\/intervalphoto.fr\/wp-content\/uploads\/2016\/02\/INT_2747.jpg?fit=563%2C1000&amp;ssl=1\" role=\"button\" tabindex=\"0\" aria-label=\"Ouvrir l\u2019image 4 sur 14 en plein \u00e9cran\"srcset=\"https:\/\/i0.wp.com\/intervalphoto.fr\/wp-content\/uploads\/2016\/02\/INT_2747.jpg?strip=info&#038;w=563&#038;ssl=1 563w\" alt=\"\" data-height=\"1000\" data-id=\"7409\" data-link=\"https:\/\/intervalphoto.fr\/photographe-architecture-et-industrie\/20160210-le-platinium-le-rheu\/int_2747\/\" data-url=\"https:\/\/intervalphoto.fr\/wp-content\/uploads\/2016\/02\/INT_2747.jpg\" data-width=\"563\" src=\"https:\/\/i0.wp.com\/intervalphoto.fr\/wp-content\/uploads\/2016\/02\/INT_2747.jpg?ssl=1\" data-amp-layout=\"responsive\"\/><\/figure><\/div><\/div><div class=\"tiled-gallery__row\"><div class=\"tiled-gallery__col\" style=\"flex-basis:33.33333%\"><figure class=\"tiled-gallery__item\"><img decoding=\"async\" data-attachment-id=\"7410\" data-permalink=\"https:\/\/intervalphoto.fr\/photographe-architecture-et-industrie\/20160210-le-platinium-le-rheu\/int_2750\/\" data-orig-file=\"https:\/\/i0.wp.com\/intervalphoto.fr\/wp-content\/uploads\/2016\/02\/INT_2750.jpg?fit=563%2C1000&amp;ssl=1\" data-orig-size=\"563,1000\" data-comments-opened=\"0\" data-image-meta=\"{&quot;aperture&quot;:&quot;0&quot;,&quot;credit&quot;:&quot;Quideau Francois&quot;,&quot;camera&quot;:&quot;&quot;,&quot;caption&quot;:&quot;&quot;,&quot;created_timestamp&quot;:&quot;0&quot;,&quot;copyright&quot;:&quot;INTERVAL photo&quot;,&quot;focal_length&quot;:&quot;0&quot;,&quot;iso&quot;:&quot;0&quot;,&quot;shutter_speed&quot;:&quot;0&quot;,&quot;title&quot;:&quot;&quot;,&quot;orientation&quot;:&quot;1&quot;}\" data-image-title=\"INT_2750\" data-image-description=\"\" data-image-caption=\"&lt;p&gt;Discoth\u00c3\u00a8que Le Platinium, le Rheu \u00c2\u00a9 INTERVALphoto&lt;\/p&gt;\n\" data-large-file=\"https:\/\/i0.wp.com\/intervalphoto.fr\/wp-content\/uploads\/2016\/02\/INT_2750.jpg?fit=563%2C1000&amp;ssl=1\" data-attachment-id=\"7410\" data-permalink=\"https:\/\/intervalphoto.fr\/photographe-architecture-et-industrie\/20160210-le-platinium-le-rheu\/int_2750\/\" data-orig-file=\"https:\/\/i0.wp.com\/intervalphoto.fr\/wp-content\/uploads\/2016\/02\/INT_2750.jpg?fit=563%2C1000&amp;ssl=1\" data-orig-size=\"563,1000\" data-comments-opened=\"0\" data-image-meta=\"{&quot;aperture&quot;:&quot;0&quot;,&quot;credit&quot;:&quot;Quideau Francois&quot;,&quot;camera&quot;:&quot;&quot;,&quot;caption&quot;:&quot;&quot;,&quot;created_timestamp&quot;:&quot;0&quot;,&quot;copyright&quot;:&quot;INTERVAL photo&quot;,&quot;focal_length&quot;:&quot;0&quot;,&quot;iso&quot;:&quot;0&quot;,&quot;shutter_speed&quot;:&quot;0&quot;,&quot;title&quot;:&quot;&quot;,&quot;orientation&quot;:&quot;1&quot;}\" data-image-title=\"INT_2750\" data-image-description=\"\" data-image-caption=\"&lt;p&gt;Discoth\u00c3\u00a8que Le Platinium, le Rheu \u00c2\u00a9 INTERVALphoto&lt;\/p&gt;\n\" data-large-file=\"https:\/\/i0.wp.com\/intervalphoto.fr\/wp-content\/uploads\/2016\/02\/INT_2750.jpg?fit=563%2C1000&amp;ssl=1\" role=\"button\" tabindex=\"0\" aria-label=\"Ouvrir l\u2019image 5 sur 14 en plein \u00e9cran\"srcset=\"https:\/\/i0.wp.com\/intervalphoto.fr\/wp-content\/uploads\/2016\/02\/INT_2750.jpg?strip=info&#038;w=563&#038;ssl=1 563w\" alt=\"\" data-height=\"1000\" data-id=\"7410\" data-link=\"https:\/\/intervalphoto.fr\/photographe-architecture-et-industrie\/20160210-le-platinium-le-rheu\/int_2750\/\" data-url=\"https:\/\/intervalphoto.fr\/wp-content\/uploads\/2016\/02\/INT_2750.jpg\" data-width=\"563\" src=\"https:\/\/i0.wp.com\/intervalphoto.fr\/wp-content\/uploads\/2016\/02\/INT_2750.jpg?ssl=1\" data-amp-layout=\"responsive\"\/><\/figure><\/div><div class=\"tiled-gallery__col\" style=\"flex-basis:33.33333%\"><figure class=\"tiled-gallery__item\"><img decoding=\"async\" data-attachment-id=\"7411\" data-permalink=\"https:\/\/intervalphoto.fr\/photographe-architecture-et-industrie\/20160210-le-platinium-le-rheu\/int_2752\/\" data-orig-file=\"https:\/\/i0.wp.com\/intervalphoto.fr\/wp-content\/uploads\/2016\/02\/INT_2752.jpg?fit=1000%2C550&amp;ssl=1\" data-orig-size=\"1000,550\" data-comments-opened=\"0\" data-image-meta=\"{&quot;aperture&quot;:&quot;0&quot;,&quot;credit&quot;:&quot;Quideau Francois&quot;,&quot;camera&quot;:&quot;&quot;,&quot;caption&quot;:&quot;&quot;,&quot;created_timestamp&quot;:&quot;0&quot;,&quot;copyright&quot;:&quot;INTERVAL photo&quot;,&quot;focal_length&quot;:&quot;0&quot;,&quot;iso&quot;:&quot;0&quot;,&quot;shutter_speed&quot;:&quot;0&quot;,&quot;title&quot;:&quot;&quot;,&quot;orientation&quot;:&quot;1&quot;}\" data-image-title=\"INT_2752\" data-image-description=\"\" data-image-caption=\"&lt;p&gt;Discoth\u00c3\u00a8que Le Platinium, le Rheu \u00c2\u00a9 INTERVALphoto&lt;\/p&gt;\n\" data-large-file=\"https:\/\/i0.wp.com\/intervalphoto.fr\/wp-content\/uploads\/2016\/02\/INT_2752.jpg?fit=1000%2C550&amp;ssl=1\" data-attachment-id=\"7411\" data-permalink=\"https:\/\/intervalphoto.fr\/photographe-architecture-et-industrie\/20160210-le-platinium-le-rheu\/int_2752\/\" data-orig-file=\"https:\/\/i0.wp.com\/intervalphoto.fr\/wp-content\/uploads\/2016\/02\/INT_2752.jpg?fit=1000%2C550&amp;ssl=1\" data-orig-size=\"1000,550\" data-comments-opened=\"0\" data-image-meta=\"{&quot;aperture&quot;:&quot;0&quot;,&quot;credit&quot;:&quot;Quideau Francois&quot;,&quot;camera&quot;:&quot;&quot;,&quot;caption&quot;:&quot;&quot;,&quot;created_timestamp&quot;:&quot;0&quot;,&quot;copyright&quot;:&quot;INTERVAL photo&quot;,&quot;focal_length&quot;:&quot;0&quot;,&quot;iso&quot;:&quot;0&quot;,&quot;shutter_speed&quot;:&quot;0&quot;,&quot;title&quot;:&quot;&quot;,&quot;orientation&quot;:&quot;1&quot;}\" data-image-title=\"INT_2752\" data-image-description=\"\" data-image-caption=\"&lt;p&gt;Discoth\u00c3\u00a8que Le Platinium, le Rheu \u00c2\u00a9 INTERVALphoto&lt;\/p&gt;\n\" data-large-file=\"https:\/\/i0.wp.com\/intervalphoto.fr\/wp-content\/uploads\/2016\/02\/INT_2752.jpg?fit=1000%2C550&amp;ssl=1\" role=\"button\" tabindex=\"0\" aria-label=\"Ouvrir l\u2019image 6 sur 14 en plein \u00e9cran\"srcset=\"https:\/\/i0.wp.com\/intervalphoto.fr\/wp-content\/uploads\/2016\/02\/INT_2752.jpg?strip=info&#038;w=600&#038;ssl=1 600w,https:\/\/i0.wp.com\/intervalphoto.fr\/wp-content\/uploads\/2016\/02\/INT_2752.jpg?strip=info&#038;w=900&#038;ssl=1 900w,https:\/\/i0.wp.com\/intervalphoto.fr\/wp-content\/uploads\/2016\/02\/INT_2752.jpg?strip=info&#038;w=1000&#038;ssl=1 1000w\" alt=\"\" data-height=\"550\" data-id=\"7411\" data-link=\"https:\/\/intervalphoto.fr\/photographe-architecture-et-industrie\/20160210-le-platinium-le-rheu\/int_2752\/\" data-url=\"https:\/\/intervalphoto.fr\/wp-content\/uploads\/2016\/02\/INT_2752.jpg\" data-width=\"1000\" src=\"https:\/\/i0.wp.com\/intervalphoto.fr\/wp-content\/uploads\/2016\/02\/INT_2752.jpg?ssl=1\" data-amp-layout=\"responsive\"\/><\/figure><\/div><\/div><div class=\"tiled-gallery__row\"><div class=\"tiled-gallery__col\" style=\"flex-basis:33.25243%\"><figure class=\"tiled-gallery__item\"><img decoding=\"async\" data-attachment-id=\"7412\" data-permalink=\"https:\/\/intervalphoto.fr\/photographe-architecture-et-industrie\/20160210-le-platinium-le-rheu\/int_2754\/\" data-orig-file=\"https:\/\/i0.wp.com\/intervalphoto.fr\/wp-content\/uploads\/2016\/02\/INT_2754.jpg?fit=668%2C1000&amp;ssl=1\" data-orig-size=\"668,1000\" data-comments-opened=\"0\" data-image-meta=\"{&quot;aperture&quot;:&quot;0&quot;,&quot;credit&quot;:&quot;Quideau Francois&quot;,&quot;camera&quot;:&quot;&quot;,&quot;caption&quot;:&quot;&quot;,&quot;created_timestamp&quot;:&quot;0&quot;,&quot;copyright&quot;:&quot;INTERVAL photo&quot;,&quot;focal_length&quot;:&quot;0&quot;,&quot;iso&quot;:&quot;0&quot;,&quot;shutter_speed&quot;:&quot;0&quot;,&quot;title&quot;:&quot;&quot;,&quot;orientation&quot;:&quot;1&quot;}\" data-image-title=\"INT_2754\" data-image-description=\"\" data-image-caption=\"&lt;p&gt;Discoth\u00c3\u00a8que Le Platinium, le Rheu \u00c2\u00a9 INTERVALphoto&lt;\/p&gt;\n\" data-large-file=\"https:\/\/i0.wp.com\/intervalphoto.fr\/wp-content\/uploads\/2016\/02\/INT_2754.jpg?fit=668%2C1000&amp;ssl=1\" data-attachment-id=\"7412\" data-permalink=\"https:\/\/intervalphoto.fr\/photographe-architecture-et-industrie\/20160210-le-platinium-le-rheu\/int_2754\/\" data-orig-file=\"https:\/\/i0.wp.com\/intervalphoto.fr\/wp-content\/uploads\/2016\/02\/INT_2754.jpg?fit=668%2C1000&amp;ssl=1\" data-orig-size=\"668,1000\" data-comments-opened=\"0\" data-image-meta=\"{&quot;aperture&quot;:&quot;0&quot;,&quot;credit&quot;:&quot;Quideau Francois&quot;,&quot;camera&quot;:&quot;&quot;,&quot;caption&quot;:&quot;&quot;,&quot;created_timestamp&quot;:&quot;0&quot;,&quot;copyright&quot;:&quot;INTERVAL photo&quot;,&quot;focal_length&quot;:&quot;0&quot;,&quot;iso&quot;:&quot;0&quot;,&quot;shutter_speed&quot;:&quot;0&quot;,&quot;title&quot;:&quot;&quot;,&quot;orientation&quot;:&quot;1&quot;}\" data-image-title=\"INT_2754\" data-image-description=\"\" data-image-caption=\"&lt;p&gt;Discoth\u00c3\u00a8que Le Platinium, le Rheu \u00c2\u00a9 INTERVALphoto&lt;\/p&gt;\n\" data-large-file=\"https:\/\/i0.wp.com\/intervalphoto.fr\/wp-content\/uploads\/2016\/02\/INT_2754.jpg?fit=668%2C1000&amp;ssl=1\" role=\"button\" tabindex=\"0\" aria-label=\"Ouvrir l\u2019image 7 sur 14 en plein \u00e9cran\"srcset=\"https:\/\/i0.wp.com\/intervalphoto.fr\/wp-content\/uploads\/2016\/02\/INT_2754.jpg?strip=info&#038;w=600&#038;ssl=1 600w,https:\/\/i0.wp.com\/intervalphoto.fr\/wp-content\/uploads\/2016\/02\/INT_2754.jpg?strip=info&#038;w=668&#038;ssl=1 668w\" alt=\"\" data-height=\"1000\" data-id=\"7412\" data-link=\"https:\/\/intervalphoto.fr\/photographe-architecture-et-industrie\/20160210-le-platinium-le-rheu\/int_2754\/\" data-url=\"https:\/\/intervalphoto.fr\/wp-content\/uploads\/2016\/02\/INT_2754.jpg\" data-width=\"668\" src=\"https:\/\/i0.wp.com\/intervalphoto.fr\/wp-content\/uploads\/2016\/02\/INT_2754.jpg?ssl=1\" data-amp-layout=\"responsive\"\/><\/figure><\/div><div class=\"tiled-gallery__col\" style=\"flex-basis:66.74757%\"><figure class=\"tiled-gallery__item\"><img decoding=\"async\" data-attachment-id=\"7413\" data-permalink=\"https:\/\/intervalphoto.fr\/photographe-architecture-et-industrie\/20160210-le-platinium-le-rheu\/int_2755\/\" data-orig-file=\"https:\/\/i0.wp.com\/intervalphoto.fr\/wp-content\/uploads\/2016\/02\/INT_2755.jpg?fit=1000%2C562&amp;ssl=1\" data-orig-size=\"1000,562\" data-comments-opened=\"0\" data-image-meta=\"{&quot;aperture&quot;:&quot;0&quot;,&quot;credit&quot;:&quot;Quideau Francois&quot;,&quot;camera&quot;:&quot;&quot;,&quot;caption&quot;:&quot;&quot;,&quot;created_timestamp&quot;:&quot;0&quot;,&quot;copyright&quot;:&quot;INTERVAL photo&quot;,&quot;focal_length&quot;:&quot;0&quot;,&quot;iso&quot;:&quot;0&quot;,&quot;shutter_speed&quot;:&quot;0&quot;,&quot;title&quot;:&quot;&quot;,&quot;orientation&quot;:&quot;1&quot;}\" data-image-title=\"INT_2755\" data-image-description=\"\" data-image-caption=\"&lt;p&gt;Discoth\u00c3\u00a8que Le Platinium, le Rheu \u00c2\u00a9 INTERVALphoto&lt;\/p&gt;\n\" data-large-file=\"https:\/\/i0.wp.com\/intervalphoto.fr\/wp-content\/uploads\/2016\/02\/INT_2755.jpg?fit=1000%2C562&amp;ssl=1\" data-attachment-id=\"7413\" data-permalink=\"https:\/\/intervalphoto.fr\/photographe-architecture-et-industrie\/20160210-le-platinium-le-rheu\/int_2755\/\" data-orig-file=\"https:\/\/i0.wp.com\/intervalphoto.fr\/wp-content\/uploads\/2016\/02\/INT_2755.jpg?fit=1000%2C562&amp;ssl=1\" data-orig-size=\"1000,562\" data-comments-opened=\"0\" data-image-meta=\"{&quot;aperture&quot;:&quot;0&quot;,&quot;credit&quot;:&quot;Quideau Francois&quot;,&quot;camera&quot;:&quot;&quot;,&quot;caption&quot;:&quot;&quot;,&quot;created_timestamp&quot;:&quot;0&quot;,&quot;copyright&quot;:&quot;INTERVAL photo&quot;,&quot;focal_length&quot;:&quot;0&quot;,&quot;iso&quot;:&quot;0&quot;,&quot;shutter_speed&quot;:&quot;0&quot;,&quot;title&quot;:&quot;&quot;,&quot;orientation&quot;:&quot;1&quot;}\" data-image-title=\"INT_2755\" data-image-description=\"\" data-image-caption=\"&lt;p&gt;Discoth\u00c3\u00a8que Le Platinium, le Rheu \u00c2\u00a9 INTERVALphoto&lt;\/p&gt;\n\" data-large-file=\"https:\/\/i0.wp.com\/intervalphoto.fr\/wp-content\/uploads\/2016\/02\/INT_2755.jpg?fit=1000%2C562&amp;ssl=1\" role=\"button\" tabindex=\"0\" aria-label=\"Ouvrir l\u2019image 8 sur 14 en plein \u00e9cran\"srcset=\"https:\/\/i0.wp.com\/intervalphoto.fr\/wp-content\/uploads\/2016\/02\/INT_2755.jpg?strip=info&#038;w=600&#038;ssl=1 600w,https:\/\/i0.wp.com\/intervalphoto.fr\/wp-content\/uploads\/2016\/02\/INT_2755.jpg?strip=info&#038;w=900&#038;ssl=1 900w,https:\/\/i0.wp.com\/intervalphoto.fr\/wp-content\/uploads\/2016\/02\/INT_2755.jpg?strip=info&#038;w=1000&#038;ssl=1 1000w\" alt=\"\" data-height=\"562\" data-id=\"7413\" data-link=\"https:\/\/intervalphoto.fr\/photographe-architecture-et-industrie\/20160210-le-platinium-le-rheu\/int_2755\/\" data-url=\"https:\/\/intervalphoto.fr\/wp-content\/uploads\/2016\/02\/INT_2755.jpg\" data-width=\"1000\" src=\"https:\/\/i0.wp.com\/intervalphoto.fr\/wp-content\/uploads\/2016\/02\/INT_2755.jpg?ssl=1\" data-amp-layout=\"responsive\"\/><\/figure><figure class=\"tiled-gallery__item\"><img decoding=\"async\" data-attachment-id=\"7414\" data-permalink=\"https:\/\/intervalphoto.fr\/photographe-architecture-et-industrie\/20160210-le-platinium-le-rheu\/int_2756\/\" data-orig-file=\"https:\/\/i0.wp.com\/intervalphoto.fr\/wp-content\/uploads\/2016\/02\/INT_2756.jpg?fit=1000%2C563&amp;ssl=1\" data-orig-size=\"1000,563\" data-comments-opened=\"0\" data-image-meta=\"{&quot;aperture&quot;:&quot;0&quot;,&quot;credit&quot;:&quot;Quideau Francois&quot;,&quot;camera&quot;:&quot;&quot;,&quot;caption&quot;:&quot;&quot;,&quot;created_timestamp&quot;:&quot;0&quot;,&quot;copyright&quot;:&quot;INTERVAL photo&quot;,&quot;focal_length&quot;:&quot;0&quot;,&quot;iso&quot;:&quot;0&quot;,&quot;shutter_speed&quot;:&quot;0&quot;,&quot;title&quot;:&quot;&quot;,&quot;orientation&quot;:&quot;1&quot;}\" data-image-title=\"INT_2756\" data-image-description=\"\" data-image-caption=\"&lt;p&gt;Discoth\u00c3\u00a8que Le Platinium, le Rheu \u00c2\u00a9 INTERVALphoto&lt;\/p&gt;\n\" data-large-file=\"https:\/\/i0.wp.com\/intervalphoto.fr\/wp-content\/uploads\/2016\/02\/INT_2756.jpg?fit=1000%2C563&amp;ssl=1\" data-attachment-id=\"7414\" data-permalink=\"https:\/\/intervalphoto.fr\/photographe-architecture-et-industrie\/20160210-le-platinium-le-rheu\/int_2756\/\" data-orig-file=\"https:\/\/i0.wp.com\/intervalphoto.fr\/wp-content\/uploads\/2016\/02\/INT_2756.jpg?fit=1000%2C563&amp;ssl=1\" data-orig-size=\"1000,563\" data-comments-opened=\"0\" data-image-meta=\"{&quot;aperture&quot;:&quot;0&quot;,&quot;credit&quot;:&quot;Quideau Francois&quot;,&quot;camera&quot;:&quot;&quot;,&quot;caption&quot;:&quot;&quot;,&quot;created_timestamp&quot;:&quot;0&quot;,&quot;copyright&quot;:&quot;INTERVAL photo&quot;,&quot;focal_length&quot;:&quot;0&quot;,&quot;iso&quot;:&quot;0&quot;,&quot;shutter_speed&quot;:&quot;0&quot;,&quot;title&quot;:&quot;&quot;,&quot;orientation&quot;:&quot;1&quot;}\" data-image-title=\"INT_2756\" data-image-description=\"\" data-image-caption=\"&lt;p&gt;Discoth\u00c3\u00a8que Le Platinium, le Rheu \u00c2\u00a9 INTERVALphoto&lt;\/p&gt;\n\" data-large-file=\"https:\/\/i0.wp.com\/intervalphoto.fr\/wp-content\/uploads\/2016\/02\/INT_2756.jpg?fit=1000%2C563&amp;ssl=1\" role=\"button\" tabindex=\"0\" aria-label=\"Ouvrir l\u2019image 9 sur 14 en plein \u00e9cran\"srcset=\"https:\/\/i0.wp.com\/intervalphoto.fr\/wp-content\/uploads\/2016\/02\/INT_2756.jpg?strip=info&#038;w=600&#038;ssl=1 600w,https:\/\/i0.wp.com\/intervalphoto.fr\/wp-content\/uploads\/2016\/02\/INT_2756.jpg?strip=info&#038;w=900&#038;ssl=1 900w,https:\/\/i0.wp.com\/intervalphoto.fr\/wp-content\/uploads\/2016\/02\/INT_2756.jpg?strip=info&#038;w=1000&#038;ssl=1 1000w\" alt=\"\" data-height=\"563\" data-id=\"7414\" data-link=\"https:\/\/intervalphoto.fr\/photographe-architecture-et-industrie\/20160210-le-platinium-le-rheu\/int_2756\/\" data-url=\"https:\/\/intervalphoto.fr\/wp-content\/uploads\/2016\/02\/INT_2756.jpg\" data-width=\"1000\" src=\"https:\/\/i0.wp.com\/intervalphoto.fr\/wp-content\/uploads\/2016\/02\/INT_2756.jpg?ssl=1\" data-amp-layout=\"responsive\"\/><\/figure><\/div><div class=\"tiled-gallery__col\"><figure class=\"tiled-gallery__item\"><img decoding=\"async\" data-attachment-id=\"7415\" data-permalink=\"https:\/\/intervalphoto.fr\/photographe-architecture-et-industrie\/20160210-le-platinium-le-rheu\/int_2759\/\" data-orig-file=\"https:\/\/i0.wp.com\/intervalphoto.fr\/wp-content\/uploads\/2016\/02\/INT_2759.jpg?fit=668%2C1000&amp;ssl=1\" data-orig-size=\"668,1000\" data-comments-opened=\"0\" data-image-meta=\"{&quot;aperture&quot;:&quot;0&quot;,&quot;credit&quot;:&quot;Quideau Francois&quot;,&quot;camera&quot;:&quot;&quot;,&quot;caption&quot;:&quot;&quot;,&quot;created_timestamp&quot;:&quot;0&quot;,&quot;copyright&quot;:&quot;INTERVAL photo&quot;,&quot;focal_length&quot;:&quot;0&quot;,&quot;iso&quot;:&quot;0&quot;,&quot;shutter_speed&quot;:&quot;0&quot;,&quot;title&quot;:&quot;&quot;,&quot;orientation&quot;:&quot;1&quot;}\" data-image-title=\"INT_2759\" data-image-description=\"\" data-image-caption=\"&lt;p&gt;Discoth\u00c3\u00a8que Le Platinium, le Rheu \u00c2\u00a9 INTERVALphoto&lt;\/p&gt;\n\" data-large-file=\"https:\/\/i0.wp.com\/intervalphoto.fr\/wp-content\/uploads\/2016\/02\/INT_2759.jpg?fit=668%2C1000&amp;ssl=1\" data-attachment-id=\"7415\" data-permalink=\"https:\/\/intervalphoto.fr\/photographe-architecture-et-industrie\/20160210-le-platinium-le-rheu\/int_2759\/\" data-orig-file=\"https:\/\/i0.wp.com\/intervalphoto.fr\/wp-content\/uploads\/2016\/02\/INT_2759.jpg?fit=668%2C1000&amp;ssl=1\" data-orig-size=\"668,1000\" data-comments-opened=\"0\" data-image-meta=\"{&quot;aperture&quot;:&quot;0&quot;,&quot;credit&quot;:&quot;Quideau Francois&quot;,&quot;camera&quot;:&quot;&quot;,&quot;caption&quot;:&quot;&quot;,&quot;created_timestamp&quot;:&quot;0&quot;,&quot;copyright&quot;:&quot;INTERVAL photo&quot;,&quot;focal_length&quot;:&quot;0&quot;,&quot;iso&quot;:&quot;0&quot;,&quot;shutter_speed&quot;:&quot;0&quot;,&quot;title&quot;:&quot;&quot;,&quot;orientation&quot;:&quot;1&quot;}\" data-image-title=\"INT_2759\" data-image-description=\"\" data-image-caption=\"&lt;p&gt;Discoth\u00c3\u00a8que Le Platinium, le Rheu \u00c2\u00a9 INTERVALphoto&lt;\/p&gt;\n\" data-large-file=\"https:\/\/i0.wp.com\/intervalphoto.fr\/wp-content\/uploads\/2016\/02\/INT_2759.jpg?fit=668%2C1000&amp;ssl=1\" role=\"button\" tabindex=\"0\" aria-label=\"Ouvrir l\u2019image 10 sur 14 en plein \u00e9cran\"srcset=\"https:\/\/i0.wp.com\/intervalphoto.fr\/wp-content\/uploads\/2016\/02\/INT_2759.jpg?strip=info&#038;w=600&#038;ssl=1 600w,https:\/\/i0.wp.com\/intervalphoto.fr\/wp-content\/uploads\/2016\/02\/INT_2759.jpg?strip=info&#038;w=668&#038;ssl=1 668w\" alt=\"\" data-height=\"1000\" data-id=\"7415\" data-link=\"https:\/\/intervalphoto.fr\/photographe-architecture-et-industrie\/20160210-le-platinium-le-rheu\/int_2759\/\" data-url=\"https:\/\/intervalphoto.fr\/wp-content\/uploads\/2016\/02\/INT_2759.jpg\" data-width=\"668\" src=\"https:\/\/i0.wp.com\/intervalphoto.fr\/wp-content\/uploads\/2016\/02\/INT_2759.jpg?ssl=1\" data-amp-layout=\"responsive\"\/><\/figure><\/div><\/div><div class=\"tiled-gallery__row\"><div class=\"tiled-gallery__col\" style=\"flex-basis:50.00000%\"><figure class=\"tiled-gallery__item\"><img decoding=\"async\" data-attachment-id=\"7416\" data-permalink=\"https:\/\/intervalphoto.fr\/photographe-architecture-et-industrie\/20160210-le-platinium-le-rheu\/int_2760\/\" data-orig-file=\"https:\/\/i0.wp.com\/intervalphoto.fr\/wp-content\/uploads\/2016\/02\/INT_2760.jpg?fit=668%2C1000&amp;ssl=1\" data-orig-size=\"668,1000\" data-comments-opened=\"0\" data-image-meta=\"{&quot;aperture&quot;:&quot;0&quot;,&quot;credit&quot;:&quot;Quideau Francois&quot;,&quot;camera&quot;:&quot;&quot;,&quot;caption&quot;:&quot;&quot;,&quot;created_timestamp&quot;:&quot;0&quot;,&quot;copyright&quot;:&quot;INTERVAL photo&quot;,&quot;focal_length&quot;:&quot;0&quot;,&quot;iso&quot;:&quot;0&quot;,&quot;shutter_speed&quot;:&quot;0&quot;,&quot;title&quot;:&quot;&quot;,&quot;orientation&quot;:&quot;1&quot;}\" data-image-title=\"INT_2760\" data-image-description=\"\" data-image-caption=\"&lt;p&gt;Discoth\u00c3\u00a8que Le Platinium, le Rheu \u00c2\u00a9 INTERVALphoto&lt;\/p&gt;\n\" data-large-file=\"https:\/\/i0.wp.com\/intervalphoto.fr\/wp-content\/uploads\/2016\/02\/INT_2760.jpg?fit=668%2C1000&amp;ssl=1\" data-attachment-id=\"7416\" data-permalink=\"https:\/\/intervalphoto.fr\/photographe-architecture-et-industrie\/20160210-le-platinium-le-rheu\/int_2760\/\" data-orig-file=\"https:\/\/i0.wp.com\/intervalphoto.fr\/wp-content\/uploads\/2016\/02\/INT_2760.jpg?fit=668%2C1000&amp;ssl=1\" data-orig-size=\"668,1000\" data-comments-opened=\"0\" data-image-meta=\"{&quot;aperture&quot;:&quot;0&quot;,&quot;credit&quot;:&quot;Quideau Francois&quot;,&quot;camera&quot;:&quot;&quot;,&quot;caption&quot;:&quot;&quot;,&quot;created_timestamp&quot;:&quot;0&quot;,&quot;copyright&quot;:&quot;INTERVAL photo&quot;,&quot;focal_length&quot;:&quot;0&quot;,&quot;iso&quot;:&quot;0&quot;,&quot;shutter_speed&quot;:&quot;0&quot;,&quot;title&quot;:&quot;&quot;,&quot;orientation&quot;:&quot;1&quot;}\" data-image-title=\"INT_2760\" data-image-description=\"\" data-image-caption=\"&lt;p&gt;Discoth\u00c3\u00a8que Le Platinium, le Rheu \u00c2\u00a9 INTERVALphoto&lt;\/p&gt;\n\" data-large-file=\"https:\/\/i0.wp.com\/intervalphoto.fr\/wp-content\/uploads\/2016\/02\/INT_2760.jpg?fit=668%2C1000&amp;ssl=1\" role=\"button\" tabindex=\"0\" aria-label=\"Ouvrir l\u2019image 11 sur 14 en plein \u00e9cran\"srcset=\"https:\/\/i0.wp.com\/intervalphoto.fr\/wp-content\/uploads\/2016\/02\/INT_2760.jpg?strip=info&#038;w=600&#038;ssl=1 600w,https:\/\/i0.wp.com\/intervalphoto.fr\/wp-content\/uploads\/2016\/02\/INT_2760.jpg?strip=info&#038;w=668&#038;ssl=1 668w\" alt=\"\" data-height=\"1000\" data-id=\"7416\" data-link=\"https:\/\/intervalphoto.fr\/photographe-architecture-et-industrie\/20160210-le-platinium-le-rheu\/int_2760\/\" data-url=\"https:\/\/intervalphoto.fr\/wp-content\/uploads\/2016\/02\/INT_2760.jpg\" data-width=\"668\" src=\"https:\/\/i0.wp.com\/intervalphoto.fr\/wp-content\/uploads\/2016\/02\/INT_2760.jpg?ssl=1\" data-amp-layout=\"responsive\"\/><\/figure><\/div><div class=\"tiled-gallery__col\" style=\"flex-basis:50.00000%\"><figure class=\"tiled-gallery__item\"><img decoding=\"async\" data-attachment-id=\"7417\" data-permalink=\"https:\/\/intervalphoto.fr\/photographe-architecture-et-industrie\/20160210-le-platinium-le-rheu\/int_2766\/\" data-orig-file=\"https:\/\/i0.wp.com\/intervalphoto.fr\/wp-content\/uploads\/2016\/02\/INT_2766.jpg?fit=669%2C1000&amp;ssl=1\" data-orig-size=\"669,1000\" data-comments-opened=\"0\" data-image-meta=\"{&quot;aperture&quot;:&quot;0&quot;,&quot;credit&quot;:&quot;Quideau Francois&quot;,&quot;camera&quot;:&quot;&quot;,&quot;caption&quot;:&quot;&quot;,&quot;created_timestamp&quot;:&quot;0&quot;,&quot;copyright&quot;:&quot;INTERVAL photo&quot;,&quot;focal_length&quot;:&quot;0&quot;,&quot;iso&quot;:&quot;0&quot;,&quot;shutter_speed&quot;:&quot;0&quot;,&quot;title&quot;:&quot;&quot;,&quot;orientation&quot;:&quot;1&quot;}\" data-image-title=\"INT_2766\" data-image-description=\"\" data-image-caption=\"&lt;p&gt;Discoth\u00c3\u00a8que Le Platinium, le Rheu \u00c2\u00a9 INTERVALphoto&lt;\/p&gt;\n\" data-large-file=\"https:\/\/i0.wp.com\/intervalphoto.fr\/wp-content\/uploads\/2016\/02\/INT_2766.jpg?fit=669%2C1000&amp;ssl=1\" data-attachment-id=\"7417\" data-permalink=\"https:\/\/intervalphoto.fr\/photographe-architecture-et-industrie\/20160210-le-platinium-le-rheu\/int_2766\/\" data-orig-file=\"https:\/\/i0.wp.com\/intervalphoto.fr\/wp-content\/uploads\/2016\/02\/INT_2766.jpg?fit=669%2C1000&amp;ssl=1\" data-orig-size=\"669,1000\" data-comments-opened=\"0\" data-image-meta=\"{&quot;aperture&quot;:&quot;0&quot;,&quot;credit&quot;:&quot;Quideau Francois&quot;,&quot;camera&quot;:&quot;&quot;,&quot;caption&quot;:&quot;&quot;,&quot;created_timestamp&quot;:&quot;0&quot;,&quot;copyright&quot;:&quot;INTERVAL photo&quot;,&quot;focal_length&quot;:&quot;0&quot;,&quot;iso&quot;:&quot;0&quot;,&quot;shutter_speed&quot;:&quot;0&quot;,&quot;title&quot;:&quot;&quot;,&quot;orientation&quot;:&quot;1&quot;}\" data-image-title=\"INT_2766\" data-image-description=\"\" data-image-caption=\"&lt;p&gt;Discoth\u00c3\u00a8que Le Platinium, le Rheu \u00c2\u00a9 INTERVALphoto&lt;\/p&gt;\n\" data-large-file=\"https:\/\/i0.wp.com\/intervalphoto.fr\/wp-content\/uploads\/2016\/02\/INT_2766.jpg?fit=669%2C1000&amp;ssl=1\" role=\"button\" tabindex=\"0\" aria-label=\"Ouvrir l\u2019image 12 sur 14 en plein \u00e9cran\"srcset=\"https:\/\/i0.wp.com\/intervalphoto.fr\/wp-content\/uploads\/2016\/02\/INT_2766.jpg?strip=info&#038;w=600&#038;ssl=1 600w,https:\/\/i0.wp.com\/intervalphoto.fr\/wp-content\/uploads\/2016\/02\/INT_2766.jpg?strip=info&#038;w=669&#038;ssl=1 669w\" alt=\"\" data-height=\"1000\" data-id=\"7417\" data-link=\"https:\/\/intervalphoto.fr\/photographe-architecture-et-industrie\/20160210-le-platinium-le-rheu\/int_2766\/\" data-url=\"https:\/\/intervalphoto.fr\/wp-content\/uploads\/2016\/02\/INT_2766.jpg\" data-width=\"669\" src=\"https:\/\/i0.wp.com\/intervalphoto.fr\/wp-content\/uploads\/2016\/02\/INT_2766.jpg?ssl=1\" data-amp-layout=\"responsive\"\/><\/figure><\/div><div class=\"tiled-gallery__col\"><figure class=\"tiled-gallery__item\"><img decoding=\"async\" data-attachment-id=\"7418\" data-permalink=\"https:\/\/intervalphoto.fr\/photographe-architecture-et-industrie\/20160210-le-platinium-le-rheu\/int_2767\/\" data-orig-file=\"https:\/\/i0.wp.com\/intervalphoto.fr\/wp-content\/uploads\/2016\/02\/INT_2767.jpg?fit=668%2C1000&amp;ssl=1\" data-orig-size=\"668,1000\" data-comments-opened=\"0\" data-image-meta=\"{&quot;aperture&quot;:&quot;0&quot;,&quot;credit&quot;:&quot;Quideau Francois&quot;,&quot;camera&quot;:&quot;&quot;,&quot;caption&quot;:&quot;&quot;,&quot;created_timestamp&quot;:&quot;0&quot;,&quot;copyright&quot;:&quot;INTERVAL photo&quot;,&quot;focal_length&quot;:&quot;0&quot;,&quot;iso&quot;:&quot;0&quot;,&quot;shutter_speed&quot;:&quot;0&quot;,&quot;title&quot;:&quot;&quot;,&quot;orientation&quot;:&quot;1&quot;}\" data-image-title=\"INT_2767\" data-image-description=\"\" data-image-caption=\"&lt;p&gt;Discoth\u00c3\u00a8que Le Platinium, le Rheu \u00c2\u00a9 INTERVALphoto&lt;\/p&gt;\n\" data-large-file=\"https:\/\/i0.wp.com\/intervalphoto.fr\/wp-content\/uploads\/2016\/02\/INT_2767.jpg?fit=668%2C1000&amp;ssl=1\" data-attachment-id=\"7418\" data-permalink=\"https:\/\/intervalphoto.fr\/photographe-architecture-et-industrie\/20160210-le-platinium-le-rheu\/int_2767\/\" data-orig-file=\"https:\/\/i0.wp.com\/intervalphoto.fr\/wp-content\/uploads\/2016\/02\/INT_2767.jpg?fit=668%2C1000&amp;ssl=1\" data-orig-size=\"668,1000\" data-comments-opened=\"0\" data-image-meta=\"{&quot;aperture&quot;:&quot;0&quot;,&quot;credit&quot;:&quot;Quideau Francois&quot;,&quot;camera&quot;:&quot;&quot;,&quot;caption&quot;:&quot;&quot;,&quot;created_timestamp&quot;:&quot;0&quot;,&quot;copyright&quot;:&quot;INTERVAL photo&quot;,&quot;focal_length&quot;:&quot;0&quot;,&quot;iso&quot;:&quot;0&quot;,&quot;shutter_speed&quot;:&quot;0&quot;,&quot;title&quot;:&quot;&quot;,&quot;orientation&quot;:&quot;1&quot;}\" data-image-title=\"INT_2767\" data-image-description=\"\" data-image-caption=\"&lt;p&gt;Discoth\u00c3\u00a8que Le Platinium, le Rheu \u00c2\u00a9 INTERVALphoto&lt;\/p&gt;\n\" data-large-file=\"https:\/\/i0.wp.com\/intervalphoto.fr\/wp-content\/uploads\/2016\/02\/INT_2767.jpg?fit=668%2C1000&amp;ssl=1\" role=\"button\" tabindex=\"0\" aria-label=\"Ouvrir l\u2019image 13 sur 14 en plein \u00e9cran\"srcset=\"https:\/\/i0.wp.com\/intervalphoto.fr\/wp-content\/uploads\/2016\/02\/INT_2767.jpg?strip=info&#038;w=600&#038;ssl=1 600w,https:\/\/i0.wp.com\/intervalphoto.fr\/wp-content\/uploads\/2016\/02\/INT_2767.jpg?strip=info&#038;w=668&#038;ssl=1 668w\" alt=\"\" data-height=\"1000\" data-id=\"7418\" data-link=\"https:\/\/intervalphoto.fr\/photographe-architecture-et-industrie\/20160210-le-platinium-le-rheu\/int_2767\/\" data-url=\"https:\/\/intervalphoto.fr\/wp-content\/uploads\/2016\/02\/INT_2767.jpg\" data-width=\"668\" src=\"https:\/\/i0.wp.com\/intervalphoto.fr\/wp-content\/uploads\/2016\/02\/INT_2767.jpg?ssl=1\" data-amp-layout=\"responsive\"\/><\/figure><\/div><div class=\"tiled-gallery__col\"><figure class=\"tiled-gallery__item\"><img decoding=\"async\" data-attachment-id=\"7419\" data-permalink=\"https:\/\/intervalphoto.fr\/photographe-architecture-et-industrie\/20160210-le-platinium-le-rheu\/int_2768\/\" data-orig-file=\"https:\/\/i0.wp.com\/intervalphoto.fr\/wp-content\/uploads\/2016\/02\/INT_2768.jpg?fit=668%2C1000&amp;ssl=1\" data-orig-size=\"668,1000\" data-comments-opened=\"0\" data-image-meta=\"{&quot;aperture&quot;:&quot;0&quot;,&quot;credit&quot;:&quot;Quideau Francois&quot;,&quot;camera&quot;:&quot;&quot;,&quot;caption&quot;:&quot;&quot;,&quot;created_timestamp&quot;:&quot;0&quot;,&quot;copyright&quot;:&quot;INTERVAL photo&quot;,&quot;focal_length&quot;:&quot;0&quot;,&quot;iso&quot;:&quot;0&quot;,&quot;shutter_speed&quot;:&quot;0&quot;,&quot;title&quot;:&quot;&quot;,&quot;orientation&quot;:&quot;1&quot;}\" data-image-title=\"INT_2768\" data-image-description=\"\" data-image-caption=\"&lt;p&gt;Discoth\u00c3\u00a8que Le Platinium, le Rheu \u00c2\u00a9 INTERVALphoto&lt;\/p&gt;\n\" data-large-file=\"https:\/\/i0.wp.com\/intervalphoto.fr\/wp-content\/uploads\/2016\/02\/INT_2768.jpg?fit=668%2C1000&amp;ssl=1\" data-attachment-id=\"7419\" data-permalink=\"https:\/\/intervalphoto.fr\/photographe-architecture-et-industrie\/20160210-le-platinium-le-rheu\/int_2768\/\" data-orig-file=\"https:\/\/i0.wp.com\/intervalphoto.fr\/wp-content\/uploads\/2016\/02\/INT_2768.jpg?fit=668%2C1000&amp;ssl=1\" data-orig-size=\"668,1000\" data-comments-opened=\"0\" data-image-meta=\"{&quot;aperture&quot;:&quot;0&quot;,&quot;credit&quot;:&quot;Quideau Francois&quot;,&quot;camera&quot;:&quot;&quot;,&quot;caption&quot;:&quot;&quot;,&quot;created_timestamp&quot;:&quot;0&quot;,&quot;copyright&quot;:&quot;INTERVAL photo&quot;,&quot;focal_length&quot;:&quot;0&quot;,&quot;iso&quot;:&quot;0&quot;,&quot;shutter_speed&quot;:&quot;0&quot;,&quot;title&quot;:&quot;&quot;,&quot;orientation&quot;:&quot;1&quot;}\" data-image-title=\"INT_2768\" data-image-description=\"\" data-image-caption=\"&lt;p&gt;Discoth\u00c3\u00a8que Le Platinium, le Rheu \u00c2\u00a9 INTERVALphoto&lt;\/p&gt;\n\" data-large-file=\"https:\/\/i0.wp.com\/intervalphoto.fr\/wp-content\/uploads\/2016\/02\/INT_2768.jpg?fit=668%2C1000&amp;ssl=1\" role=\"button\" tabindex=\"0\" aria-label=\"Ouvrir l\u2019image 14 sur 14 en plein \u00e9cran\"srcset=\"https:\/\/i0.wp.com\/intervalphoto.fr\/wp-content\/uploads\/2016\/02\/INT_2768.jpg?strip=info&#038;w=600&#038;ssl=1 600w,https:\/\/i0.wp.com\/intervalphoto.fr\/wp-content\/uploads\/2016\/02\/INT_2768.jpg?strip=info&#038;w=668&#038;ssl=1 668w\" alt=\"\" data-height=\"1000\" data-id=\"7419\" data-link=\"https:\/\/intervalphoto.fr\/photographe-architecture-et-industrie\/20160210-le-platinium-le-rheu\/int_2768\/\" data-url=\"https:\/\/intervalphoto.fr\/wp-content\/uploads\/2016\/02\/INT_2768.jpg\" data-width=\"668\" src=\"https:\/\/i0.wp.com\/intervalphoto.fr\/wp-content\/uploads\/2016\/02\/INT_2768.jpg?ssl=1\" data-amp-layout=\"responsive\"\/><\/figure><\/div><\/div><\/div><\/div><\/div>\n","protected":false},"excerpt":{"rendered":"<p>Le Platinium, c&rsquo;est pas tous les jours qu&rsquo;on s&rsquo;amuse au Rheu \ud83d\ude09<\/p>\n","protected":false},"author":1,"featured_media":7414,"comment_status":"closed","ping_status":"open","sticky":false,"template":"","format":"standard","meta":{"jetpack_post_was_ever_published":false,"_jetpack_newsletter_access":"","_jetpack_dont_email_post_to_subs":false,"_jetpack_newsletter_tier_id":0,"_jetpack_memberships_contains_paywalled_content":false,"_jetpack_memberships_contains_paid_content":false,"footnotes":""},"categories":[373,409,375,16,372,374,371],"tags":[439,379,512,514,511,435,509,510,513,434,378],"class_list":["post-7405","post","type-post","status-publish","format-standard","has-post-thumbnail","hentry","category-abandoned-places","category-architecture","category-nautre-morte","category-actualite","category-ruines","category-still-live","category-vestiges","tag-439","tag-abandoned-place","tag-architecture","tag-beton-matrice","tag-discotheque","tag-ile-et-vilaine","tag-le-platinium","tag-le-rheu","tag-prefabrique","tag-rennes","tag-ruine"],"yoast_head":"<!-- This site is optimized with the Yoast SEO plugin v27.5 - https:\/\/yoast.com\/product\/yoast-seo-wordpress\/ -->\n<title>20160210-Le Platinium, le Rheu, 35 - INTERVALphoto<\/title>\n<meta name=\"description\" content=\"20160210-Le Platinium, le Rheu, 35 \u00c2\u00a9 INTERVALphoto\" \/>\n<meta name=\"robots\" content=\"index, follow, max-snippet:-1, max-image-preview:large, max-video-preview:-1\" \/>\n<link rel=\"canonical\" href=\"https:\/\/intervalphoto.fr\/photographe-architecture-et-industrie\/20160210-le-platinium-le-rheu\/\" \/>\n<meta property=\"og:locale\" content=\"fr_FR\" \/>\n<meta property=\"og:type\" content=\"article\" \/>\n<meta property=\"og:title\" content=\"20160210-Le Platinium, le Rheu, 35 - INTERVALphoto\" \/>\n<meta property=\"og:description\" content=\"20160210-Le Platinium, le Rheu, 35 \u00c2\u00a9 INTERVALphoto\" \/>\n<meta property=\"og:url\" content=\"https:\/\/intervalphoto.fr\/photographe-architecture-et-industrie\/20160210-le-platinium-le-rheu\/\" \/>\n<meta property=\"og:site_name\" content=\"INTERVALphoto\" \/>\n<meta property=\"article:publisher\" content=\"https:\/\/www.facebook.com\/intervalphoto35\/\" \/>\n<meta property=\"article:author\" content=\"https:\/\/www.facebook.com\/intervalphoto35\" \/>\n<meta property=\"article:published_time\" content=\"2016-02-13T17:45:50+00:00\" \/>\n<meta property=\"article:modified_time\" content=\"2025-11-19T15:28:23+00:00\" \/>\n<meta property=\"og:image\" content=\"https:\/\/i0.wp.com\/intervalphoto.fr\/wp-content\/uploads\/2016\/02\/INT_2756.jpg?fit=1000%2C563&ssl=1\" \/>\n\t<meta property=\"og:image:width\" content=\"1000\" \/>\n\t<meta property=\"og:image:height\" content=\"563\" \/>\n\t<meta property=\"og:image:type\" content=\"image\/jpeg\" \/>\n<meta name=\"author\" content=\"INTERVAL photo\" \/>\n<meta name=\"twitter:card\" content=\"summary_large_image\" \/>\n<meta name=\"twitter:creator\" content=\"@intervalphoto35\" \/>\n<meta name=\"twitter:site\" content=\"@intervalphoto35\" \/>\n<meta name=\"twitter:label1\" content=\"\u00c9crit par\" \/>\n\t<meta name=\"twitter:data1\" content=\"INTERVAL photo\" \/>\n\t<meta name=\"twitter:label2\" content=\"Dur\u00e9e de lecture estim\u00e9e\" \/>\n\t<meta name=\"twitter:data2\" content=\"4 minutes\" \/>\n<script type=\"application\/ld+json\" class=\"yoast-schema-graph\">{\"@context\":\"https:\\\/\\\/schema.org\",\"@graph\":[{\"@type\":\"Article\",\"@id\":\"https:\\\/\\\/intervalphoto.fr\\\/photographe-architecture-et-industrie\\\/20160210-le-platinium-le-rheu\\\/#article\",\"isPartOf\":{\"@id\":\"https:\\\/\\\/intervalphoto.fr\\\/photographe-architecture-et-industrie\\\/20160210-le-platinium-le-rheu\\\/\"},\"author\":{\"name\":\"INTERVAL photo\",\"@id\":\"https:\\\/\\\/intervalphoto.fr\\\/photographe-architecture-et-industrie\\\/#\\\/schema\\\/person\\\/830733271855af23aae09f3ebf421fe0\"},\"headline\":\"20160210-Le Platinium, le Rheu, 35\",\"datePublished\":\"2016-02-13T17:45:50+00:00\",\"dateModified\":\"2025-11-19T15:28:23+00:00\",\"mainEntityOfPage\":{\"@id\":\"https:\\\/\\\/intervalphoto.fr\\\/photographe-architecture-et-industrie\\\/20160210-le-platinium-le-rheu\\\/\"},\"wordCount\":15,\"image\":{\"@id\":\"https:\\\/\\\/intervalphoto.fr\\\/photographe-architecture-et-industrie\\\/20160210-le-platinium-le-rheu\\\/#primaryimage\"},\"thumbnailUrl\":\"https:\\\/\\\/i0.wp.com\\\/intervalphoto.fr\\\/wp-content\\\/uploads\\\/2016\\\/02\\\/INT_2756.jpg?fit=1000%2C563&ssl=1\",\"keywords\":[\"35\",\"abandoned place\",\"architecture\",\"b\u00c3\u00a9ton matric\u00c3\u00a9\",\"discoth\u00c3\u00a8que\",\"ile et vilaine\",\"le platinium\",\"le Rheu\",\"pr\u00c3\u00a9fabriqu\u00c3\u00a9\",\"rennes\",\"ruine\"],\"articleSection\":[\"ABANDONED PLACES\",\"ARCHITECTURE\",\"NATURE MORTE\",\"NEWS\",\"RUINES\",\"STILL LIVE\",\"VESTIGES\"],\"inLanguage\":\"fr-FR\"},{\"@type\":\"WebPage\",\"@id\":\"https:\\\/\\\/intervalphoto.fr\\\/photographe-architecture-et-industrie\\\/20160210-le-platinium-le-rheu\\\/\",\"url\":\"https:\\\/\\\/intervalphoto.fr\\\/photographe-architecture-et-industrie\\\/20160210-le-platinium-le-rheu\\\/\",\"name\":\"20160210-Le Platinium, le Rheu, 35 - INTERVALphoto\",\"isPartOf\":{\"@id\":\"https:\\\/\\\/intervalphoto.fr\\\/photographe-architecture-et-industrie\\\/#website\"},\"primaryImageOfPage\":{\"@id\":\"https:\\\/\\\/intervalphoto.fr\\\/photographe-architecture-et-industrie\\\/20160210-le-platinium-le-rheu\\\/#primaryimage\"},\"image\":{\"@id\":\"https:\\\/\\\/intervalphoto.fr\\\/photographe-architecture-et-industrie\\\/20160210-le-platinium-le-rheu\\\/#primaryimage\"},\"thumbnailUrl\":\"https:\\\/\\\/i0.wp.com\\\/intervalphoto.fr\\\/wp-content\\\/uploads\\\/2016\\\/02\\\/INT_2756.jpg?fit=1000%2C563&ssl=1\",\"datePublished\":\"2016-02-13T17:45:50+00:00\",\"dateModified\":\"2025-11-19T15:28:23+00:00\",\"author\":{\"@id\":\"https:\\\/\\\/intervalphoto.fr\\\/photographe-architecture-et-industrie\\\/#\\\/schema\\\/person\\\/830733271855af23aae09f3ebf421fe0\"},\"description\":\"20160210-Le Platinium, le Rheu, 35 \u00c2\u00a9 INTERVALphoto\",\"breadcrumb\":{\"@id\":\"https:\\\/\\\/intervalphoto.fr\\\/photographe-architecture-et-industrie\\\/20160210-le-platinium-le-rheu\\\/#breadcrumb\"},\"inLanguage\":\"fr-FR\",\"potentialAction\":[{\"@type\":\"ReadAction\",\"target\":[\"https:\\\/\\\/intervalphoto.fr\\\/photographe-architecture-et-industrie\\\/20160210-le-platinium-le-rheu\\\/\"]}]},{\"@type\":\"ImageObject\",\"inLanguage\":\"fr-FR\",\"@id\":\"https:\\\/\\\/intervalphoto.fr\\\/photographe-architecture-et-industrie\\\/20160210-le-platinium-le-rheu\\\/#primaryimage\",\"url\":\"https:\\\/\\\/i0.wp.com\\\/intervalphoto.fr\\\/wp-content\\\/uploads\\\/2016\\\/02\\\/INT_2756.jpg?fit=1000%2C563&ssl=1\",\"contentUrl\":\"https:\\\/\\\/i0.wp.com\\\/intervalphoto.fr\\\/wp-content\\\/uploads\\\/2016\\\/02\\\/INT_2756.jpg?fit=1000%2C563&ssl=1\",\"width\":1000,\"height\":563,\"caption\":\"Discoth\u00c3\u00a8que Le Platinium, le Rheu \u00c2\u00a9 INTERVALphoto\"},{\"@type\":\"BreadcrumbList\",\"@id\":\"https:\\\/\\\/intervalphoto.fr\\\/photographe-architecture-et-industrie\\\/20160210-le-platinium-le-rheu\\\/#breadcrumb\",\"itemListElement\":[{\"@type\":\"ListItem\",\"position\":1,\"name\":\"Accueil\",\"item\":\"https:\\\/\\\/intervalphoto.fr\\\/photographe-architecture-et-industrie\\\/\"},{\"@type\":\"ListItem\",\"position\":2,\"name\":\"20160210-Le Platinium, le Rheu, 35\"}]},{\"@type\":\"WebSite\",\"@id\":\"https:\\\/\\\/intervalphoto.fr\\\/photographe-architecture-et-industrie\\\/#website\",\"url\":\"https:\\\/\\\/intervalphoto.fr\\\/photographe-architecture-et-industrie\\\/\",\"name\":\"INTERVALphoto\",\"description\":\"revealing...\",\"potentialAction\":[{\"@type\":\"SearchAction\",\"target\":{\"@type\":\"EntryPoint\",\"urlTemplate\":\"https:\\\/\\\/intervalphoto.fr\\\/photographe-architecture-et-industrie\\\/?s={search_term_string}\"},\"query-input\":{\"@type\":\"PropertyValueSpecification\",\"valueRequired\":true,\"valueName\":\"search_term_string\"}}],\"inLanguage\":\"fr-FR\"},{\"@type\":\"Person\",\"@id\":\"https:\\\/\\\/intervalphoto.fr\\\/photographe-architecture-et-industrie\\\/#\\\/schema\\\/person\\\/830733271855af23aae09f3ebf421fe0\",\"name\":\"INTERVAL photo\",\"image\":{\"@type\":\"ImageObject\",\"inLanguage\":\"fr-FR\",\"@id\":\"https:\\\/\\\/secure.gravatar.com\\\/avatar\\\/398d576c45a6d1d3683c3742805f7d60f73d9416547942681b99c8363666d3f8?s=96&d=mm&r=g\",\"url\":\"https:\\\/\\\/secure.gravatar.com\\\/avatar\\\/398d576c45a6d1d3683c3742805f7d60f73d9416547942681b99c8363666d3f8?s=96&d=mm&r=g\",\"contentUrl\":\"https:\\\/\\\/secure.gravatar.com\\\/avatar\\\/398d576c45a6d1d3683c3742805f7d60f73d9416547942681b99c8363666d3f8?s=96&d=mm&r=g\",\"caption\":\"INTERVAL photo\"},\"sameAs\":[\"http:\\\/\\\/www.intervalphoto.fr\",\"https:\\\/\\\/www.facebook.com\\\/intervalphoto35\",\"https:\\\/\\\/www.instagram.com\\\/quideaufrancois\",\"http:\\\/\\\/fr.linkedin.com\\\/in\\\/quideaufrancois\",\"https:\\\/\\\/fr.pinterest.com\\\/fquideau\\\/\",\"https:\\\/\\\/x.com\\\/@intervalphoto35\",\"https:\\\/\\\/www.youtube.com\\\/channel\\\/UCKiJPIR1CaZaewFgfOv4fFA\"],\"url\":\"https:\\\/\\\/intervalphoto.fr\\\/photographe-architecture-et-industrie\\\/author\\\/root\\\/\"}]}<\/script>\n<!-- \/ Yoast SEO plugin. -->","yoast_head_json":{"title":"20160210-Le Platinium, le Rheu, 35 - INTERVALphoto","description":"20160210-Le Platinium, le Rheu, 35 \u00c2\u00a9 INTERVALphoto","robots":{"index":"index","follow":"follow","max-snippet":"max-snippet:-1","max-image-preview":"max-image-preview:large","max-video-preview":"max-video-preview:-1"},"canonical":"https:\/\/intervalphoto.fr\/photographe-architecture-et-industrie\/20160210-le-platinium-le-rheu\/","og_locale":"fr_FR","og_type":"article","og_title":"20160210-Le Platinium, le Rheu, 35 - INTERVALphoto","og_description":"20160210-Le Platinium, le Rheu, 35 \u00c2\u00a9 INTERVALphoto","og_url":"https:\/\/intervalphoto.fr\/photographe-architecture-et-industrie\/20160210-le-platinium-le-rheu\/","og_site_name":"INTERVALphoto","article_publisher":"https:\/\/www.facebook.com\/intervalphoto35\/","article_author":"https:\/\/www.facebook.com\/intervalphoto35","article_published_time":"2016-02-13T17:45:50+00:00","article_modified_time":"2025-11-19T15:28:23+00:00","og_image":[{"width":1000,"height":563,"url":"https:\/\/i0.wp.com\/intervalphoto.fr\/wp-content\/uploads\/2016\/02\/INT_2756.jpg?fit=1000%2C563&ssl=1","type":"image\/jpeg"}],"author":"INTERVAL photo","twitter_card":"summary_large_image","twitter_creator":"@intervalphoto35","twitter_site":"@intervalphoto35","twitter_misc":{"\u00c9crit par":"INTERVAL photo","Dur\u00e9e de lecture estim\u00e9e":"4 minutes"},"schema":{"@context":"https:\/\/schema.org","@graph":[{"@type":"Article","@id":"https:\/\/intervalphoto.fr\/photographe-architecture-et-industrie\/20160210-le-platinium-le-rheu\/#article","isPartOf":{"@id":"https:\/\/intervalphoto.fr\/photographe-architecture-et-industrie\/20160210-le-platinium-le-rheu\/"},"author":{"name":"INTERVAL photo","@id":"https:\/\/intervalphoto.fr\/photographe-architecture-et-industrie\/#\/schema\/person\/830733271855af23aae09f3ebf421fe0"},"headline":"20160210-Le Platinium, le Rheu, 35","datePublished":"2016-02-13T17:45:50+00:00","dateModified":"2025-11-19T15:28:23+00:00","mainEntityOfPage":{"@id":"https:\/\/intervalphoto.fr\/photographe-architecture-et-industrie\/20160210-le-platinium-le-rheu\/"},"wordCount":15,"image":{"@id":"https:\/\/intervalphoto.fr\/photographe-architecture-et-industrie\/20160210-le-platinium-le-rheu\/#primaryimage"},"thumbnailUrl":"https:\/\/i0.wp.com\/intervalphoto.fr\/wp-content\/uploads\/2016\/02\/INT_2756.jpg?fit=1000%2C563&ssl=1","keywords":["35","abandoned place","architecture","b\u00c3\u00a9ton matric\u00c3\u00a9","discoth\u00c3\u00a8que","ile et vilaine","le platinium","le Rheu","pr\u00c3\u00a9fabriqu\u00c3\u00a9","rennes","ruine"],"articleSection":["ABANDONED PLACES","ARCHITECTURE","NATURE MORTE","NEWS","RUINES","STILL LIVE","VESTIGES"],"inLanguage":"fr-FR"},{"@type":"WebPage","@id":"https:\/\/intervalphoto.fr\/photographe-architecture-et-industrie\/20160210-le-platinium-le-rheu\/","url":"https:\/\/intervalphoto.fr\/photographe-architecture-et-industrie\/20160210-le-platinium-le-rheu\/","name":"20160210-Le Platinium, le Rheu, 35 - INTERVALphoto","isPartOf":{"@id":"https:\/\/intervalphoto.fr\/photographe-architecture-et-industrie\/#website"},"primaryImageOfPage":{"@id":"https:\/\/intervalphoto.fr\/photographe-architecture-et-industrie\/20160210-le-platinium-le-rheu\/#primaryimage"},"image":{"@id":"https:\/\/intervalphoto.fr\/photographe-architecture-et-industrie\/20160210-le-platinium-le-rheu\/#primaryimage"},"thumbnailUrl":"https:\/\/i0.wp.com\/intervalphoto.fr\/wp-content\/uploads\/2016\/02\/INT_2756.jpg?fit=1000%2C563&ssl=1","datePublished":"2016-02-13T17:45:50+00:00","dateModified":"2025-11-19T15:28:23+00:00","author":{"@id":"https:\/\/intervalphoto.fr\/photographe-architecture-et-industrie\/#\/schema\/person\/830733271855af23aae09f3ebf421fe0"},"description":"20160210-Le Platinium, le Rheu, 35 \u00c2\u00a9 INTERVALphoto","breadcrumb":{"@id":"https:\/\/intervalphoto.fr\/photographe-architecture-et-industrie\/20160210-le-platinium-le-rheu\/#breadcrumb"},"inLanguage":"fr-FR","potentialAction":[{"@type":"ReadAction","target":["https:\/\/intervalphoto.fr\/photographe-architecture-et-industrie\/20160210-le-platinium-le-rheu\/"]}]},{"@type":"ImageObject","inLanguage":"fr-FR","@id":"https:\/\/intervalphoto.fr\/photographe-architecture-et-industrie\/20160210-le-platinium-le-rheu\/#primaryimage","url":"https:\/\/i0.wp.com\/intervalphoto.fr\/wp-content\/uploads\/2016\/02\/INT_2756.jpg?fit=1000%2C563&ssl=1","contentUrl":"https:\/\/i0.wp.com\/intervalphoto.fr\/wp-content\/uploads\/2016\/02\/INT_2756.jpg?fit=1000%2C563&ssl=1","width":1000,"height":563,"caption":"Discoth\u00c3\u00a8que Le Platinium, le Rheu \u00c2\u00a9 INTERVALphoto"},{"@type":"BreadcrumbList","@id":"https:\/\/intervalphoto.fr\/photographe-architecture-et-industrie\/20160210-le-platinium-le-rheu\/#breadcrumb","itemListElement":[{"@type":"ListItem","position":1,"name":"Accueil","item":"https:\/\/intervalphoto.fr\/photographe-architecture-et-industrie\/"},{"@type":"ListItem","position":2,"name":"20160210-Le Platinium, le Rheu, 35"}]},{"@type":"WebSite","@id":"https:\/\/intervalphoto.fr\/photographe-architecture-et-industrie\/#website","url":"https:\/\/intervalphoto.fr\/photographe-architecture-et-industrie\/","name":"INTERVALphoto","description":"revealing...","potentialAction":[{"@type":"SearchAction","target":{"@type":"EntryPoint","urlTemplate":"https:\/\/intervalphoto.fr\/photographe-architecture-et-industrie\/?s={search_term_string}"},"query-input":{"@type":"PropertyValueSpecification","valueRequired":true,"valueName":"search_term_string"}}],"inLanguage":"fr-FR"},{"@type":"Person","@id":"https:\/\/intervalphoto.fr\/photographe-architecture-et-industrie\/#\/schema\/person\/830733271855af23aae09f3ebf421fe0","name":"INTERVAL photo","image":{"@type":"ImageObject","inLanguage":"fr-FR","@id":"https:\/\/secure.gravatar.com\/avatar\/398d576c45a6d1d3683c3742805f7d60f73d9416547942681b99c8363666d3f8?s=96&d=mm&r=g","url":"https:\/\/secure.gravatar.com\/avatar\/398d576c45a6d1d3683c3742805f7d60f73d9416547942681b99c8363666d3f8?s=96&d=mm&r=g","contentUrl":"https:\/\/secure.gravatar.com\/avatar\/398d576c45a6d1d3683c3742805f7d60f73d9416547942681b99c8363666d3f8?s=96&d=mm&r=g","caption":"INTERVAL photo"},"sameAs":["http:\/\/www.intervalphoto.fr","https:\/\/www.facebook.com\/intervalphoto35","https:\/\/www.instagram.com\/quideaufrancois","http:\/\/fr.linkedin.com\/in\/quideaufrancois","https:\/\/fr.pinterest.com\/fquideau\/","https:\/\/x.com\/@intervalphoto35","https:\/\/www.youtube.com\/channel\/UCKiJPIR1CaZaewFgfOv4fFA"],"url":"https:\/\/intervalphoto.fr\/photographe-architecture-et-industrie\/author\/root\/"}]}},"jetpack_featured_media_url":"https:\/\/i0.wp.com\/intervalphoto.fr\/wp-content\/uploads\/2016\/02\/INT_2756.jpg?fit=1000%2C563&ssl=1","jetpack_sharing_enabled":true,"jetpack_likes_enabled":true,"jetpack-related-posts":[],"_links":{"self":[{"href":"https:\/\/intervalphoto.fr\/photographe-architecture-et-industrie\/wp-json\/wp\/v2\/posts\/7405","targetHints":{"allow":["GET"]}}],"collection":[{"href":"https:\/\/intervalphoto.fr\/photographe-architecture-et-industrie\/wp-json\/wp\/v2\/posts"}],"about":[{"href":"https:\/\/intervalphoto.fr\/photographe-architecture-et-industrie\/wp-json\/wp\/v2\/types\/post"}],"author":[{"embeddable":true,"href":"https:\/\/intervalphoto.fr\/photographe-architecture-et-industrie\/wp-json\/wp\/v2\/users\/1"}],"replies":[{"embeddable":true,"href":"https:\/\/intervalphoto.fr\/photographe-architecture-et-industrie\/wp-json\/wp\/v2\/comments?post=7405"}],"version-history":[{"count":1,"href":"https:\/\/intervalphoto.fr\/photographe-architecture-et-industrie\/wp-json\/wp\/v2\/posts\/7405\/revisions"}],"predecessor-version":[{"id":40298,"href":"https:\/\/intervalphoto.fr\/photographe-architecture-et-industrie\/wp-json\/wp\/v2\/posts\/7405\/revisions\/40298"}],"wp:featuredmedia":[{"embeddable":true,"href":"https:\/\/intervalphoto.fr\/photographe-architecture-et-industrie\/wp-json\/wp\/v2\/media\/7414"}],"wp:attachment":[{"href":"https:\/\/intervalphoto.fr\/photographe-architecture-et-industrie\/wp-json\/wp\/v2\/media?parent=7405"}],"wp:term":[{"taxonomy":"category","embeddable":true,"href":"https:\/\/intervalphoto.fr\/photographe-architecture-et-industrie\/wp-json\/wp\/v2\/categories?post=7405"},{"taxonomy":"post_tag","embeddable":true,"href":"https:\/\/intervalphoto.fr\/photographe-architecture-et-industrie\/wp-json\/wp\/v2\/tags?post=7405"}],"curies":[{"name":"wp","href":"https:\/\/api.w.org\/{rel}","templated":true}]}}