{"id":9311,"date":"2016-06-28T16:36:22","date_gmt":"2016-06-28T14:36:22","guid":{"rendered":"http:\/\/intervalphoto.fr\/photographe-architecture-et-industrie\/?p=9311"},"modified":"2025-11-19T17:22:03","modified_gmt":"2025-11-19T15:22:03","slug":"arretche-colombier","status":"publish","type":"post","link":"https:\/\/intervalphoto.fr\/photographe-architecture-et-industrie\/arretche-colombier\/","title":{"rendered":"1975- Louis Arretche, Tour de l&rsquo;\u00e9peron, Rennes"},"content":{"rendered":"\n<p><strong>LOUIS ARRETCHE architecte<\/strong><\/p>\n\n\n\n<p>La <b>Tour de l&rsquo;\u00e9peron<\/b> (IGH), quartier Colombier, Rennes, 1975.<\/p>\n\n\n\n<div class=\"wp-block-jetpack-tiled-gallery aligncenter is-style-rectangular\"><div class=\"\"><div class=\"tiled-gallery__gallery\"><div class=\"tiled-gallery__row\"><div class=\"tiled-gallery__col\" style=\"flex-basis:66.74757%\"><figure class=\"tiled-gallery__item\"><img decoding=\"async\" data-attachment-id=\"9313\" data-permalink=\"https:\/\/intervalphoto.fr\/photographe-architecture-et-industrie\/arretche-colombier\/louis-arretche-tour-de-l-eperon-rennes-1\/\" data-orig-file=\"https:\/\/i0.wp.com\/intervalphoto.fr\/wp-content\/uploads\/2016\/06\/Louis-Arretche-Tour-de-l-Eperon-Rennes-1.jpg?fit=668%2C1000&amp;ssl=1\" data-orig-size=\"668,1000\" data-comments-opened=\"0\" data-image-meta=\"{&quot;aperture&quot;:&quot;0&quot;,&quot;credit&quot;:&quot;Quideau Francois&quot;,&quot;camera&quot;:&quot;&quot;,&quot;caption&quot;:&quot;&quot;,&quot;created_timestamp&quot;:&quot;0&quot;,&quot;copyright&quot;:&quot;INTERVAL photo&quot;,&quot;focal_length&quot;:&quot;0&quot;,&quot;iso&quot;:&quot;0&quot;,&quot;shutter_speed&quot;:&quot;0&quot;,&quot;title&quot;:&quot;&quot;,&quot;orientation&quot;:&quot;0&quot;}\" data-image-title=\"Louis-Arretche-Tour-de-l-Eperon-Rennes-1\" data-image-description=\"&lt;p&gt;Louis Arretche, Tour de l&amp;rsquo;Eperon, Colombier, Rennes \u00c2\u00a9INTERVALphoto&lt;\/p&gt;\n\" data-image-caption=\"&lt;p&gt;Louis Arretche, Tour de l&amp;rsquo;Eperon, Colombier, Rennes \u00c2\u00a9INTERVALphoto&lt;\/p&gt;\n\" data-large-file=\"https:\/\/i0.wp.com\/intervalphoto.fr\/wp-content\/uploads\/2016\/06\/Louis-Arretche-Tour-de-l-Eperon-Rennes-1.jpg?fit=668%2C1000&amp;ssl=1\" data-attachment-id=\"9313\" data-permalink=\"https:\/\/intervalphoto.fr\/photographe-architecture-et-industrie\/arretche-colombier\/louis-arretche-tour-de-l-eperon-rennes-1\/\" data-orig-file=\"https:\/\/i0.wp.com\/intervalphoto.fr\/wp-content\/uploads\/2016\/06\/Louis-Arretche-Tour-de-l-Eperon-Rennes-1.jpg?fit=668%2C1000&amp;ssl=1\" data-orig-size=\"668,1000\" data-comments-opened=\"0\" data-image-meta=\"{&quot;aperture&quot;:&quot;0&quot;,&quot;credit&quot;:&quot;Quideau Francois&quot;,&quot;camera&quot;:&quot;&quot;,&quot;caption&quot;:&quot;&quot;,&quot;created_timestamp&quot;:&quot;0&quot;,&quot;copyright&quot;:&quot;INTERVAL photo&quot;,&quot;focal_length&quot;:&quot;0&quot;,&quot;iso&quot;:&quot;0&quot;,&quot;shutter_speed&quot;:&quot;0&quot;,&quot;title&quot;:&quot;&quot;,&quot;orientation&quot;:&quot;0&quot;}\" data-image-title=\"Louis-Arretche-Tour-de-l-Eperon-Rennes-1\" data-image-description=\"&lt;p&gt;Louis Arretche, Tour de l&amp;rsquo;Eperon, Colombier, Rennes \u00c2\u00a9INTERVALphoto&lt;\/p&gt;\n\" data-image-caption=\"&lt;p&gt;Louis Arretche, Tour de l&amp;rsquo;Eperon, Colombier, Rennes \u00c2\u00a9INTERVALphoto&lt;\/p&gt;\n\" data-large-file=\"https:\/\/i0.wp.com\/intervalphoto.fr\/wp-content\/uploads\/2016\/06\/Louis-Arretche-Tour-de-l-Eperon-Rennes-1.jpg?fit=668%2C1000&amp;ssl=1\" role=\"button\" tabindex=\"0\" aria-label=\"Ouvrir l\u2019image 1 sur 12 en plein \u00e9cran\"srcset=\"https:\/\/i0.wp.com\/intervalphoto.fr\/wp-content\/uploads\/2016\/06\/Louis-Arretche-Tour-de-l-Eperon-Rennes-1.jpg?strip=info&#038;w=600&#038;ssl=1 600w,https:\/\/i0.wp.com\/intervalphoto.fr\/wp-content\/uploads\/2016\/06\/Louis-Arretche-Tour-de-l-Eperon-Rennes-1.jpg?strip=info&#038;w=668&#038;ssl=1 668w\" alt=\"Louis Arretche, Tour de l'Eperon, Colombier, Rennes \u00c2\u00a9INTERVALphoto\" data-height=\"1000\" data-id=\"9313\" data-link=\"https:\/\/intervalphoto.fr\/photographe-architecture-et-industrie\/arretche-colombier\/louis-arretche-tour-de-l-eperon-rennes-1\/\" data-url=\"https:\/\/intervalphoto.fr\/wp-content\/uploads\/2016\/06\/Louis-Arretche-Tour-de-l-Eperon-Rennes-1.jpg\" data-width=\"668\" src=\"https:\/\/i0.wp.com\/intervalphoto.fr\/wp-content\/uploads\/2016\/06\/Louis-Arretche-Tour-de-l-Eperon-Rennes-1.jpg?ssl=1\" data-amp-layout=\"responsive\"\/><\/figure><\/div><div class=\"tiled-gallery__col\" style=\"flex-basis:33.25243%\"><figure class=\"tiled-gallery__item\"><img decoding=\"async\" data-attachment-id=\"9314\" data-permalink=\"https:\/\/intervalphoto.fr\/photographe-architecture-et-industrie\/arretche-colombier\/louis-arretche-tour-de-l-eperon-rennes-2\/\" data-orig-file=\"https:\/\/i0.wp.com\/intervalphoto.fr\/wp-content\/uploads\/2016\/06\/Louis-Arretche-Tour-de-l-Eperon-Rennes-2.jpg?fit=1000%2C562&amp;ssl=1\" data-orig-size=\"1000,562\" data-comments-opened=\"0\" data-image-meta=\"{&quot;aperture&quot;:&quot;0&quot;,&quot;credit&quot;:&quot;Quideau Francois&quot;,&quot;camera&quot;:&quot;&quot;,&quot;caption&quot;:&quot;&quot;,&quot;created_timestamp&quot;:&quot;0&quot;,&quot;copyright&quot;:&quot;INTERVAL photo&quot;,&quot;focal_length&quot;:&quot;0&quot;,&quot;iso&quot;:&quot;0&quot;,&quot;shutter_speed&quot;:&quot;0&quot;,&quot;title&quot;:&quot;&quot;,&quot;orientation&quot;:&quot;0&quot;}\" data-image-title=\"Louis-Arretche-Tour-de-l-Eperon-Rennes-2\" data-image-description=\"\" data-image-caption=\"&lt;p&gt;Louis Arretche, Tour de l&amp;rsquo;Eperon, Colombier, Rennes \u00c2\u00a9INTERVALphoto&lt;\/p&gt;\n\" data-large-file=\"https:\/\/i0.wp.com\/intervalphoto.fr\/wp-content\/uploads\/2016\/06\/Louis-Arretche-Tour-de-l-Eperon-Rennes-2.jpg?fit=1000%2C562&amp;ssl=1\" data-attachment-id=\"9314\" data-permalink=\"https:\/\/intervalphoto.fr\/photographe-architecture-et-industrie\/arretche-colombier\/louis-arretche-tour-de-l-eperon-rennes-2\/\" data-orig-file=\"https:\/\/i0.wp.com\/intervalphoto.fr\/wp-content\/uploads\/2016\/06\/Louis-Arretche-Tour-de-l-Eperon-Rennes-2.jpg?fit=1000%2C562&amp;ssl=1\" data-orig-size=\"1000,562\" data-comments-opened=\"0\" data-image-meta=\"{&quot;aperture&quot;:&quot;0&quot;,&quot;credit&quot;:&quot;Quideau Francois&quot;,&quot;camera&quot;:&quot;&quot;,&quot;caption&quot;:&quot;&quot;,&quot;created_timestamp&quot;:&quot;0&quot;,&quot;copyright&quot;:&quot;INTERVAL photo&quot;,&quot;focal_length&quot;:&quot;0&quot;,&quot;iso&quot;:&quot;0&quot;,&quot;shutter_speed&quot;:&quot;0&quot;,&quot;title&quot;:&quot;&quot;,&quot;orientation&quot;:&quot;0&quot;}\" data-image-title=\"Louis-Arretche-Tour-de-l-Eperon-Rennes-2\" data-image-description=\"\" data-image-caption=\"&lt;p&gt;Louis Arretche, Tour de l&amp;rsquo;Eperon, Colombier, Rennes \u00c2\u00a9INTERVALphoto&lt;\/p&gt;\n\" data-large-file=\"https:\/\/i0.wp.com\/intervalphoto.fr\/wp-content\/uploads\/2016\/06\/Louis-Arretche-Tour-de-l-Eperon-Rennes-2.jpg?fit=1000%2C562&amp;ssl=1\" role=\"button\" tabindex=\"0\" aria-label=\"Ouvrir l\u2019image 2 sur 12 en plein \u00e9cran\"srcset=\"https:\/\/i0.wp.com\/intervalphoto.fr\/wp-content\/uploads\/2016\/06\/Louis-Arretche-Tour-de-l-Eperon-Rennes-2.jpg?strip=info&#038;w=600&#038;ssl=1 600w,https:\/\/i0.wp.com\/intervalphoto.fr\/wp-content\/uploads\/2016\/06\/Louis-Arretche-Tour-de-l-Eperon-Rennes-2.jpg?strip=info&#038;w=900&#038;ssl=1 900w,https:\/\/i0.wp.com\/intervalphoto.fr\/wp-content\/uploads\/2016\/06\/Louis-Arretche-Tour-de-l-Eperon-Rennes-2.jpg?strip=info&#038;w=1000&#038;ssl=1 1000w\" alt=\"\" data-height=\"562\" data-id=\"9314\" data-link=\"https:\/\/intervalphoto.fr\/photographe-architecture-et-industrie\/arretche-colombier\/louis-arretche-tour-de-l-eperon-rennes-2\/\" data-url=\"https:\/\/intervalphoto.fr\/wp-content\/uploads\/2016\/06\/Louis-Arretche-Tour-de-l-Eperon-Rennes-2.jpg\" data-width=\"1000\" src=\"https:\/\/i0.wp.com\/intervalphoto.fr\/wp-content\/uploads\/2016\/06\/Louis-Arretche-Tour-de-l-Eperon-Rennes-2.jpg?ssl=1\" data-amp-layout=\"responsive\"\/><\/figure><\/div><div class=\"tiled-gallery__col\"><figure class=\"tiled-gallery__item\"><img decoding=\"async\" data-attachment-id=\"9315\" data-permalink=\"https:\/\/intervalphoto.fr\/photographe-architecture-et-industrie\/arretche-colombier\/louis-arretche-tour-de-l-eperon-rennes-3\/\" data-orig-file=\"https:\/\/i0.wp.com\/intervalphoto.fr\/wp-content\/uploads\/2016\/06\/Louis-Arretche-Tour-de-l-Eperon-Rennes-3.jpg?fit=668%2C1000&amp;ssl=1\" data-orig-size=\"668,1000\" data-comments-opened=\"0\" data-image-meta=\"{&quot;aperture&quot;:&quot;0&quot;,&quot;credit&quot;:&quot;Quideau Francois&quot;,&quot;camera&quot;:&quot;&quot;,&quot;caption&quot;:&quot;&quot;,&quot;created_timestamp&quot;:&quot;0&quot;,&quot;copyright&quot;:&quot;INTERVAL photo&quot;,&quot;focal_length&quot;:&quot;0&quot;,&quot;iso&quot;:&quot;0&quot;,&quot;shutter_speed&quot;:&quot;0&quot;,&quot;title&quot;:&quot;&quot;,&quot;orientation&quot;:&quot;0&quot;}\" data-image-title=\"Louis-Arretche-Tour-de-l-Eperon-Rennes-3\" data-image-description=\"\" data-image-caption=\"&lt;p&gt;Louis Arretche, Tour de l&amp;rsquo;Eperon, Colombier, Rennes \u00c2\u00a9INTERVALphoto&lt;\/p&gt;\n\" data-large-file=\"https:\/\/i0.wp.com\/intervalphoto.fr\/wp-content\/uploads\/2016\/06\/Louis-Arretche-Tour-de-l-Eperon-Rennes-3.jpg?fit=668%2C1000&amp;ssl=1\" data-attachment-id=\"9315\" data-permalink=\"https:\/\/intervalphoto.fr\/photographe-architecture-et-industrie\/arretche-colombier\/louis-arretche-tour-de-l-eperon-rennes-3\/\" data-orig-file=\"https:\/\/i0.wp.com\/intervalphoto.fr\/wp-content\/uploads\/2016\/06\/Louis-Arretche-Tour-de-l-Eperon-Rennes-3.jpg?fit=668%2C1000&amp;ssl=1\" data-orig-size=\"668,1000\" data-comments-opened=\"0\" data-image-meta=\"{&quot;aperture&quot;:&quot;0&quot;,&quot;credit&quot;:&quot;Quideau Francois&quot;,&quot;camera&quot;:&quot;&quot;,&quot;caption&quot;:&quot;&quot;,&quot;created_timestamp&quot;:&quot;0&quot;,&quot;copyright&quot;:&quot;INTERVAL photo&quot;,&quot;focal_length&quot;:&quot;0&quot;,&quot;iso&quot;:&quot;0&quot;,&quot;shutter_speed&quot;:&quot;0&quot;,&quot;title&quot;:&quot;&quot;,&quot;orientation&quot;:&quot;0&quot;}\" data-image-title=\"Louis-Arretche-Tour-de-l-Eperon-Rennes-3\" data-image-description=\"\" data-image-caption=\"&lt;p&gt;Louis Arretche, Tour de l&amp;rsquo;Eperon, Colombier, Rennes \u00c2\u00a9INTERVALphoto&lt;\/p&gt;\n\" data-large-file=\"https:\/\/i0.wp.com\/intervalphoto.fr\/wp-content\/uploads\/2016\/06\/Louis-Arretche-Tour-de-l-Eperon-Rennes-3.jpg?fit=668%2C1000&amp;ssl=1\" role=\"button\" tabindex=\"0\" aria-label=\"Ouvrir l\u2019image 3 sur 12 en plein \u00e9cran\"srcset=\"https:\/\/i0.wp.com\/intervalphoto.fr\/wp-content\/uploads\/2016\/06\/Louis-Arretche-Tour-de-l-Eperon-Rennes-3.jpg?strip=info&#038;w=600&#038;ssl=1 600w,https:\/\/i0.wp.com\/intervalphoto.fr\/wp-content\/uploads\/2016\/06\/Louis-Arretche-Tour-de-l-Eperon-Rennes-3.jpg?strip=info&#038;w=668&#038;ssl=1 668w\" alt=\"\" data-height=\"1000\" data-id=\"9315\" data-link=\"https:\/\/intervalphoto.fr\/photographe-architecture-et-industrie\/arretche-colombier\/louis-arretche-tour-de-l-eperon-rennes-3\/\" data-url=\"https:\/\/intervalphoto.fr\/wp-content\/uploads\/2016\/06\/Louis-Arretche-Tour-de-l-Eperon-Rennes-3.jpg\" data-width=\"668\" src=\"https:\/\/i0.wp.com\/intervalphoto.fr\/wp-content\/uploads\/2016\/06\/Louis-Arretche-Tour-de-l-Eperon-Rennes-3.jpg?ssl=1\" data-amp-layout=\"responsive\"\/><\/figure><\/div><\/div><div class=\"tiled-gallery__row\"><div class=\"tiled-gallery__col\" style=\"flex-basis:33.33333%\"><figure class=\"tiled-gallery__item\"><img decoding=\"async\" data-attachment-id=\"9316\" data-permalink=\"https:\/\/intervalphoto.fr\/photographe-architecture-et-industrie\/arretche-colombier\/louis-arretche-tour-de-l-eperon-rennes-4\/\" data-orig-file=\"https:\/\/i0.wp.com\/intervalphoto.fr\/wp-content\/uploads\/2016\/06\/Louis-Arretche-Tour-de-l-Eperon-Rennes-4.jpg?fit=1000%2C668&amp;ssl=1\" data-orig-size=\"1000,668\" data-comments-opened=\"0\" data-image-meta=\"{&quot;aperture&quot;:&quot;0&quot;,&quot;credit&quot;:&quot;Quideau Francois&quot;,&quot;camera&quot;:&quot;&quot;,&quot;caption&quot;:&quot;&quot;,&quot;created_timestamp&quot;:&quot;0&quot;,&quot;copyright&quot;:&quot;INTERVAL photo&quot;,&quot;focal_length&quot;:&quot;0&quot;,&quot;iso&quot;:&quot;0&quot;,&quot;shutter_speed&quot;:&quot;0&quot;,&quot;title&quot;:&quot;&quot;,&quot;orientation&quot;:&quot;0&quot;}\" data-image-title=\"Louis-Arretche-Tour-de-l-Eperon-Rennes-4\" data-image-description=\"\" data-image-caption=\"&lt;p&gt;Louis Arretche, Tour de l&amp;rsquo;Eperon, Colombier, Rennes \u00c2\u00a9INTERVALphoto&lt;\/p&gt;\n\" data-large-file=\"https:\/\/i0.wp.com\/intervalphoto.fr\/wp-content\/uploads\/2016\/06\/Louis-Arretche-Tour-de-l-Eperon-Rennes-4.jpg?fit=1000%2C668&amp;ssl=1\" data-attachment-id=\"9316\" data-permalink=\"https:\/\/intervalphoto.fr\/photographe-architecture-et-industrie\/arretche-colombier\/louis-arretche-tour-de-l-eperon-rennes-4\/\" data-orig-file=\"https:\/\/i0.wp.com\/intervalphoto.fr\/wp-content\/uploads\/2016\/06\/Louis-Arretche-Tour-de-l-Eperon-Rennes-4.jpg?fit=1000%2C668&amp;ssl=1\" data-orig-size=\"1000,668\" data-comments-opened=\"0\" data-image-meta=\"{&quot;aperture&quot;:&quot;0&quot;,&quot;credit&quot;:&quot;Quideau Francois&quot;,&quot;camera&quot;:&quot;&quot;,&quot;caption&quot;:&quot;&quot;,&quot;created_timestamp&quot;:&quot;0&quot;,&quot;copyright&quot;:&quot;INTERVAL photo&quot;,&quot;focal_length&quot;:&quot;0&quot;,&quot;iso&quot;:&quot;0&quot;,&quot;shutter_speed&quot;:&quot;0&quot;,&quot;title&quot;:&quot;&quot;,&quot;orientation&quot;:&quot;0&quot;}\" data-image-title=\"Louis-Arretche-Tour-de-l-Eperon-Rennes-4\" data-image-description=\"\" data-image-caption=\"&lt;p&gt;Louis Arretche, Tour de l&amp;rsquo;Eperon, Colombier, Rennes \u00c2\u00a9INTERVALphoto&lt;\/p&gt;\n\" data-large-file=\"https:\/\/i0.wp.com\/intervalphoto.fr\/wp-content\/uploads\/2016\/06\/Louis-Arretche-Tour-de-l-Eperon-Rennes-4.jpg?fit=1000%2C668&amp;ssl=1\" role=\"button\" tabindex=\"0\" aria-label=\"Ouvrir l\u2019image 4 sur 12 en plein \u00e9cran\"srcset=\"https:\/\/i0.wp.com\/intervalphoto.fr\/wp-content\/uploads\/2016\/06\/Louis-Arretche-Tour-de-l-Eperon-Rennes-4.jpg?strip=info&#038;w=600&#038;ssl=1 600w,https:\/\/i0.wp.com\/intervalphoto.fr\/wp-content\/uploads\/2016\/06\/Louis-Arretche-Tour-de-l-Eperon-Rennes-4.jpg?strip=info&#038;w=900&#038;ssl=1 900w,https:\/\/i0.wp.com\/intervalphoto.fr\/wp-content\/uploads\/2016\/06\/Louis-Arretche-Tour-de-l-Eperon-Rennes-4.jpg?strip=info&#038;w=1000&#038;ssl=1 1000w\" alt=\"\" data-height=\"668\" data-id=\"9316\" data-link=\"https:\/\/intervalphoto.fr\/photographe-architecture-et-industrie\/arretche-colombier\/louis-arretche-tour-de-l-eperon-rennes-4\/\" data-url=\"https:\/\/intervalphoto.fr\/wp-content\/uploads\/2016\/06\/Louis-Arretche-Tour-de-l-Eperon-Rennes-4.jpg\" data-width=\"1000\" src=\"https:\/\/i0.wp.com\/intervalphoto.fr\/wp-content\/uploads\/2016\/06\/Louis-Arretche-Tour-de-l-Eperon-Rennes-4.jpg?ssl=1\" data-amp-layout=\"responsive\"\/><\/figure><figure class=\"tiled-gallery__item\"><img decoding=\"async\" data-attachment-id=\"9318\" data-permalink=\"https:\/\/intervalphoto.fr\/photographe-architecture-et-industrie\/arretche-colombier\/louis-arretche-tour-de-l-eperon-rennes-5\/\" data-orig-file=\"https:\/\/i0.wp.com\/intervalphoto.fr\/wp-content\/uploads\/2016\/06\/Louis-Arretche-Tour-de-l-Eperon-Rennes-5.jpg?fit=1000%2C563&amp;ssl=1\" data-orig-size=\"1000,563\" data-comments-opened=\"0\" data-image-meta=\"{&quot;aperture&quot;:&quot;0&quot;,&quot;credit&quot;:&quot;Quideau Francois&quot;,&quot;camera&quot;:&quot;&quot;,&quot;caption&quot;:&quot;&quot;,&quot;created_timestamp&quot;:&quot;0&quot;,&quot;copyright&quot;:&quot;INTERVAL photo&quot;,&quot;focal_length&quot;:&quot;0&quot;,&quot;iso&quot;:&quot;0&quot;,&quot;shutter_speed&quot;:&quot;0&quot;,&quot;title&quot;:&quot;&quot;,&quot;orientation&quot;:&quot;0&quot;}\" data-image-title=\"Louis-Arretche-Tour-de-l-Eperon-Rennes-5\" data-image-description=\"\" data-image-caption=\"&lt;p&gt;Louis Arretche, Tour de l&amp;rsquo;Eperon, Colombier, Rennes \u00c2\u00a9INTERVALphoto&lt;\/p&gt;\n\" data-large-file=\"https:\/\/i0.wp.com\/intervalphoto.fr\/wp-content\/uploads\/2016\/06\/Louis-Arretche-Tour-de-l-Eperon-Rennes-5.jpg?fit=1000%2C563&amp;ssl=1\" data-attachment-id=\"9318\" data-permalink=\"https:\/\/intervalphoto.fr\/photographe-architecture-et-industrie\/arretche-colombier\/louis-arretche-tour-de-l-eperon-rennes-5\/\" data-orig-file=\"https:\/\/i0.wp.com\/intervalphoto.fr\/wp-content\/uploads\/2016\/06\/Louis-Arretche-Tour-de-l-Eperon-Rennes-5.jpg?fit=1000%2C563&amp;ssl=1\" data-orig-size=\"1000,563\" data-comments-opened=\"0\" data-image-meta=\"{&quot;aperture&quot;:&quot;0&quot;,&quot;credit&quot;:&quot;Quideau Francois&quot;,&quot;camera&quot;:&quot;&quot;,&quot;caption&quot;:&quot;&quot;,&quot;created_timestamp&quot;:&quot;0&quot;,&quot;copyright&quot;:&quot;INTERVAL photo&quot;,&quot;focal_length&quot;:&quot;0&quot;,&quot;iso&quot;:&quot;0&quot;,&quot;shutter_speed&quot;:&quot;0&quot;,&quot;title&quot;:&quot;&quot;,&quot;orientation&quot;:&quot;0&quot;}\" data-image-title=\"Louis-Arretche-Tour-de-l-Eperon-Rennes-5\" data-image-description=\"\" data-image-caption=\"&lt;p&gt;Louis Arretche, Tour de l&amp;rsquo;Eperon, Colombier, Rennes \u00c2\u00a9INTERVALphoto&lt;\/p&gt;\n\" data-large-file=\"https:\/\/i0.wp.com\/intervalphoto.fr\/wp-content\/uploads\/2016\/06\/Louis-Arretche-Tour-de-l-Eperon-Rennes-5.jpg?fit=1000%2C563&amp;ssl=1\" role=\"button\" tabindex=\"0\" aria-label=\"Ouvrir l\u2019image 5 sur 12 en plein \u00e9cran\"srcset=\"https:\/\/i0.wp.com\/intervalphoto.fr\/wp-content\/uploads\/2016\/06\/Louis-Arretche-Tour-de-l-Eperon-Rennes-5.jpg?strip=info&#038;w=600&#038;ssl=1 600w,https:\/\/i0.wp.com\/intervalphoto.fr\/wp-content\/uploads\/2016\/06\/Louis-Arretche-Tour-de-l-Eperon-Rennes-5.jpg?strip=info&#038;w=900&#038;ssl=1 900w,https:\/\/i0.wp.com\/intervalphoto.fr\/wp-content\/uploads\/2016\/06\/Louis-Arretche-Tour-de-l-Eperon-Rennes-5.jpg?strip=info&#038;w=1000&#038;ssl=1 1000w\" alt=\"\" data-height=\"563\" data-id=\"9318\" data-link=\"https:\/\/intervalphoto.fr\/photographe-architecture-et-industrie\/arretche-colombier\/louis-arretche-tour-de-l-eperon-rennes-5\/\" data-url=\"https:\/\/intervalphoto.fr\/wp-content\/uploads\/2016\/06\/Louis-Arretche-Tour-de-l-Eperon-Rennes-5.jpg\" data-width=\"1000\" src=\"https:\/\/i0.wp.com\/intervalphoto.fr\/wp-content\/uploads\/2016\/06\/Louis-Arretche-Tour-de-l-Eperon-Rennes-5.jpg?ssl=1\" data-amp-layout=\"responsive\"\/><\/figure><\/div><div class=\"tiled-gallery__col\" style=\"flex-basis:33.33333%\"><figure class=\"tiled-gallery__item\"><img decoding=\"async\" data-attachment-id=\"9319\" data-permalink=\"https:\/\/intervalphoto.fr\/photographe-architecture-et-industrie\/arretche-colombier\/louis-arretche-tour-de-l-eperon-rennes-6\/\" data-orig-file=\"https:\/\/i0.wp.com\/intervalphoto.fr\/wp-content\/uploads\/2016\/06\/Louis-Arretche-Tour-de-l-Eperon-Rennes-6.jpg?fit=668%2C1000&amp;ssl=1\" data-orig-size=\"668,1000\" data-comments-opened=\"0\" data-image-meta=\"{&quot;aperture&quot;:&quot;0&quot;,&quot;credit&quot;:&quot;Quideau Francois&quot;,&quot;camera&quot;:&quot;&quot;,&quot;caption&quot;:&quot;&quot;,&quot;created_timestamp&quot;:&quot;0&quot;,&quot;copyright&quot;:&quot;INTERVAL photo&quot;,&quot;focal_length&quot;:&quot;0&quot;,&quot;iso&quot;:&quot;0&quot;,&quot;shutter_speed&quot;:&quot;0&quot;,&quot;title&quot;:&quot;&quot;,&quot;orientation&quot;:&quot;0&quot;}\" data-image-title=\"Louis-Arretche-Tour-de-l-Eperon-Rennes-6\" data-image-description=\"\" data-image-caption=\"&lt;p&gt;Louis Arretche, Tour de l&amp;rsquo;Eperon, Colombier, Rennes \u00c2\u00a9INTERVALphoto&lt;\/p&gt;\n\" data-large-file=\"https:\/\/i0.wp.com\/intervalphoto.fr\/wp-content\/uploads\/2016\/06\/Louis-Arretche-Tour-de-l-Eperon-Rennes-6.jpg?fit=668%2C1000&amp;ssl=1\" data-attachment-id=\"9319\" data-permalink=\"https:\/\/intervalphoto.fr\/photographe-architecture-et-industrie\/arretche-colombier\/louis-arretche-tour-de-l-eperon-rennes-6\/\" data-orig-file=\"https:\/\/i0.wp.com\/intervalphoto.fr\/wp-content\/uploads\/2016\/06\/Louis-Arretche-Tour-de-l-Eperon-Rennes-6.jpg?fit=668%2C1000&amp;ssl=1\" data-orig-size=\"668,1000\" data-comments-opened=\"0\" data-image-meta=\"{&quot;aperture&quot;:&quot;0&quot;,&quot;credit&quot;:&quot;Quideau Francois&quot;,&quot;camera&quot;:&quot;&quot;,&quot;caption&quot;:&quot;&quot;,&quot;created_timestamp&quot;:&quot;0&quot;,&quot;copyright&quot;:&quot;INTERVAL photo&quot;,&quot;focal_length&quot;:&quot;0&quot;,&quot;iso&quot;:&quot;0&quot;,&quot;shutter_speed&quot;:&quot;0&quot;,&quot;title&quot;:&quot;&quot;,&quot;orientation&quot;:&quot;0&quot;}\" data-image-title=\"Louis-Arretche-Tour-de-l-Eperon-Rennes-6\" data-image-description=\"\" data-image-caption=\"&lt;p&gt;Louis Arretche, Tour de l&amp;rsquo;Eperon, Colombier, Rennes \u00c2\u00a9INTERVALphoto&lt;\/p&gt;\n\" data-large-file=\"https:\/\/i0.wp.com\/intervalphoto.fr\/wp-content\/uploads\/2016\/06\/Louis-Arretche-Tour-de-l-Eperon-Rennes-6.jpg?fit=668%2C1000&amp;ssl=1\" role=\"button\" tabindex=\"0\" aria-label=\"Ouvrir l\u2019image 6 sur 12 en plein \u00e9cran\"srcset=\"https:\/\/i0.wp.com\/intervalphoto.fr\/wp-content\/uploads\/2016\/06\/Louis-Arretche-Tour-de-l-Eperon-Rennes-6.jpg?strip=info&#038;w=600&#038;ssl=1 600w,https:\/\/i0.wp.com\/intervalphoto.fr\/wp-content\/uploads\/2016\/06\/Louis-Arretche-Tour-de-l-Eperon-Rennes-6.jpg?strip=info&#038;w=668&#038;ssl=1 668w\" alt=\"\" data-height=\"1000\" data-id=\"9319\" data-link=\"https:\/\/intervalphoto.fr\/photographe-architecture-et-industrie\/arretche-colombier\/louis-arretche-tour-de-l-eperon-rennes-6\/\" data-url=\"https:\/\/intervalphoto.fr\/wp-content\/uploads\/2016\/06\/Louis-Arretche-Tour-de-l-Eperon-Rennes-6.jpg\" data-width=\"668\" src=\"https:\/\/i0.wp.com\/intervalphoto.fr\/wp-content\/uploads\/2016\/06\/Louis-Arretche-Tour-de-l-Eperon-Rennes-6.jpg?ssl=1\" data-amp-layout=\"responsive\"\/><\/figure><\/div><\/div><div class=\"tiled-gallery__row\"><div class=\"tiled-gallery__col\" style=\"flex-basis:33.25243%\"><figure class=\"tiled-gallery__item\"><img decoding=\"async\" data-attachment-id=\"9320\" data-permalink=\"https:\/\/intervalphoto.fr\/photographe-architecture-et-industrie\/arretche-colombier\/louis-arretche-tour-de-l-eperon-rennes-7\/\" data-orig-file=\"https:\/\/i0.wp.com\/intervalphoto.fr\/wp-content\/uploads\/2016\/06\/Louis-Arretche-Tour-de-l-Eperon-Rennes-7.jpg?fit=563%2C1000&amp;ssl=1\" data-orig-size=\"563,1000\" data-comments-opened=\"0\" data-image-meta=\"{&quot;aperture&quot;:&quot;0&quot;,&quot;credit&quot;:&quot;Quideau Francois&quot;,&quot;camera&quot;:&quot;&quot;,&quot;caption&quot;:&quot;&quot;,&quot;created_timestamp&quot;:&quot;0&quot;,&quot;copyright&quot;:&quot;INTERVAL photo&quot;,&quot;focal_length&quot;:&quot;0&quot;,&quot;iso&quot;:&quot;0&quot;,&quot;shutter_speed&quot;:&quot;0&quot;,&quot;title&quot;:&quot;&quot;,&quot;orientation&quot;:&quot;0&quot;}\" data-image-title=\"Louis-Arretche-Tour-de-l-Eperon-Rennes-7\" data-image-description=\"\" data-image-caption=\"&lt;p&gt;Louis Arretche, Tour de l&amp;rsquo;Eperon, Colombier, Rennes \u00c2\u00a9INTERVALphoto&lt;\/p&gt;\n\" data-large-file=\"https:\/\/i0.wp.com\/intervalphoto.fr\/wp-content\/uploads\/2016\/06\/Louis-Arretche-Tour-de-l-Eperon-Rennes-7.jpg?fit=563%2C1000&amp;ssl=1\" data-attachment-id=\"9320\" data-permalink=\"https:\/\/intervalphoto.fr\/photographe-architecture-et-industrie\/arretche-colombier\/louis-arretche-tour-de-l-eperon-rennes-7\/\" data-orig-file=\"https:\/\/i0.wp.com\/intervalphoto.fr\/wp-content\/uploads\/2016\/06\/Louis-Arretche-Tour-de-l-Eperon-Rennes-7.jpg?fit=563%2C1000&amp;ssl=1\" data-orig-size=\"563,1000\" data-comments-opened=\"0\" data-image-meta=\"{&quot;aperture&quot;:&quot;0&quot;,&quot;credit&quot;:&quot;Quideau Francois&quot;,&quot;camera&quot;:&quot;&quot;,&quot;caption&quot;:&quot;&quot;,&quot;created_timestamp&quot;:&quot;0&quot;,&quot;copyright&quot;:&quot;INTERVAL photo&quot;,&quot;focal_length&quot;:&quot;0&quot;,&quot;iso&quot;:&quot;0&quot;,&quot;shutter_speed&quot;:&quot;0&quot;,&quot;title&quot;:&quot;&quot;,&quot;orientation&quot;:&quot;0&quot;}\" data-image-title=\"Louis-Arretche-Tour-de-l-Eperon-Rennes-7\" data-image-description=\"\" data-image-caption=\"&lt;p&gt;Louis Arretche, Tour de l&amp;rsquo;Eperon, Colombier, Rennes \u00c2\u00a9INTERVALphoto&lt;\/p&gt;\n\" data-large-file=\"https:\/\/i0.wp.com\/intervalphoto.fr\/wp-content\/uploads\/2016\/06\/Louis-Arretche-Tour-de-l-Eperon-Rennes-7.jpg?fit=563%2C1000&amp;ssl=1\" role=\"button\" tabindex=\"0\" aria-label=\"Ouvrir l\u2019image 7 sur 12 en plein \u00e9cran\"srcset=\"https:\/\/i0.wp.com\/intervalphoto.fr\/wp-content\/uploads\/2016\/06\/Louis-Arretche-Tour-de-l-Eperon-Rennes-7.jpg?strip=info&#038;w=563&#038;ssl=1 563w\" alt=\"\" data-height=\"1000\" data-id=\"9320\" data-link=\"https:\/\/intervalphoto.fr\/photographe-architecture-et-industrie\/arretche-colombier\/louis-arretche-tour-de-l-eperon-rennes-7\/\" data-url=\"https:\/\/intervalphoto.fr\/wp-content\/uploads\/2016\/06\/Louis-Arretche-Tour-de-l-Eperon-Rennes-7.jpg\" data-width=\"563\" src=\"https:\/\/i0.wp.com\/intervalphoto.fr\/wp-content\/uploads\/2016\/06\/Louis-Arretche-Tour-de-l-Eperon-Rennes-7.jpg?ssl=1\" data-amp-layout=\"responsive\"\/><\/figure><\/div><div class=\"tiled-gallery__col\" style=\"flex-basis:66.74757%\"><figure class=\"tiled-gallery__item\"><img decoding=\"async\" data-attachment-id=\"9321\" data-permalink=\"https:\/\/intervalphoto.fr\/photographe-architecture-et-industrie\/arretche-colombier\/louis-arretche-tour-de-l-eperon-rennes-8\/\" data-orig-file=\"https:\/\/i0.wp.com\/intervalphoto.fr\/wp-content\/uploads\/2016\/06\/Louis-Arretche-Tour-de-l-Eperon-Rennes-8.jpg?fit=668%2C1000&amp;ssl=1\" data-orig-size=\"668,1000\" data-comments-opened=\"0\" data-image-meta=\"{&quot;aperture&quot;:&quot;0&quot;,&quot;credit&quot;:&quot;Quideau Francois&quot;,&quot;camera&quot;:&quot;&quot;,&quot;caption&quot;:&quot;&quot;,&quot;created_timestamp&quot;:&quot;0&quot;,&quot;copyright&quot;:&quot;INTERVAL photo&quot;,&quot;focal_length&quot;:&quot;0&quot;,&quot;iso&quot;:&quot;0&quot;,&quot;shutter_speed&quot;:&quot;0&quot;,&quot;title&quot;:&quot;&quot;,&quot;orientation&quot;:&quot;0&quot;}\" data-image-title=\"Louis-Arretche-Tour-de-l-Eperon-Rennes-8\" data-image-description=\"\" data-image-caption=\"&lt;p&gt;Louis Arretche, Tour de l&amp;rsquo;Eperon, Colombier, Rennes \u00c2\u00a9INTERVALphoto&lt;\/p&gt;\n\" data-large-file=\"https:\/\/i0.wp.com\/intervalphoto.fr\/wp-content\/uploads\/2016\/06\/Louis-Arretche-Tour-de-l-Eperon-Rennes-8.jpg?fit=668%2C1000&amp;ssl=1\" data-attachment-id=\"9321\" data-permalink=\"https:\/\/intervalphoto.fr\/photographe-architecture-et-industrie\/arretche-colombier\/louis-arretche-tour-de-l-eperon-rennes-8\/\" data-orig-file=\"https:\/\/i0.wp.com\/intervalphoto.fr\/wp-content\/uploads\/2016\/06\/Louis-Arretche-Tour-de-l-Eperon-Rennes-8.jpg?fit=668%2C1000&amp;ssl=1\" data-orig-size=\"668,1000\" data-comments-opened=\"0\" data-image-meta=\"{&quot;aperture&quot;:&quot;0&quot;,&quot;credit&quot;:&quot;Quideau Francois&quot;,&quot;camera&quot;:&quot;&quot;,&quot;caption&quot;:&quot;&quot;,&quot;created_timestamp&quot;:&quot;0&quot;,&quot;copyright&quot;:&quot;INTERVAL photo&quot;,&quot;focal_length&quot;:&quot;0&quot;,&quot;iso&quot;:&quot;0&quot;,&quot;shutter_speed&quot;:&quot;0&quot;,&quot;title&quot;:&quot;&quot;,&quot;orientation&quot;:&quot;0&quot;}\" data-image-title=\"Louis-Arretche-Tour-de-l-Eperon-Rennes-8\" data-image-description=\"\" data-image-caption=\"&lt;p&gt;Louis Arretche, Tour de l&amp;rsquo;Eperon, Colombier, Rennes \u00c2\u00a9INTERVALphoto&lt;\/p&gt;\n\" data-large-file=\"https:\/\/i0.wp.com\/intervalphoto.fr\/wp-content\/uploads\/2016\/06\/Louis-Arretche-Tour-de-l-Eperon-Rennes-8.jpg?fit=668%2C1000&amp;ssl=1\" role=\"button\" tabindex=\"0\" aria-label=\"Ouvrir l\u2019image 8 sur 12 en plein \u00e9cran\"srcset=\"https:\/\/i0.wp.com\/intervalphoto.fr\/wp-content\/uploads\/2016\/06\/Louis-Arretche-Tour-de-l-Eperon-Rennes-8.jpg?strip=info&#038;w=600&#038;ssl=1 600w,https:\/\/i0.wp.com\/intervalphoto.fr\/wp-content\/uploads\/2016\/06\/Louis-Arretche-Tour-de-l-Eperon-Rennes-8.jpg?strip=info&#038;w=668&#038;ssl=1 668w\" alt=\"\" data-height=\"1000\" data-id=\"9321\" data-link=\"https:\/\/intervalphoto.fr\/photographe-architecture-et-industrie\/arretche-colombier\/louis-arretche-tour-de-l-eperon-rennes-8\/\" data-url=\"https:\/\/intervalphoto.fr\/wp-content\/uploads\/2016\/06\/Louis-Arretche-Tour-de-l-Eperon-Rennes-8.jpg\" data-width=\"668\" src=\"https:\/\/i0.wp.com\/intervalphoto.fr\/wp-content\/uploads\/2016\/06\/Louis-Arretche-Tour-de-l-Eperon-Rennes-8.jpg?ssl=1\" data-amp-layout=\"responsive\"\/><\/figure><\/div><div class=\"tiled-gallery__col\"><figure class=\"tiled-gallery__item\"><img decoding=\"async\" data-attachment-id=\"9322\" data-permalink=\"https:\/\/intervalphoto.fr\/photographe-architecture-et-industrie\/arretche-colombier\/louis-arretche-tour-de-l-eperon-rennes-9\/\" data-orig-file=\"https:\/\/i0.wp.com\/intervalphoto.fr\/wp-content\/uploads\/2016\/06\/Louis-Arretche-Tour-de-l-Eperon-Rennes-9.jpg?fit=1000%2C668&amp;ssl=1\" data-orig-size=\"1000,668\" data-comments-opened=\"0\" data-image-meta=\"{&quot;aperture&quot;:&quot;0&quot;,&quot;credit&quot;:&quot;Quideau Francois&quot;,&quot;camera&quot;:&quot;&quot;,&quot;caption&quot;:&quot;&quot;,&quot;created_timestamp&quot;:&quot;0&quot;,&quot;copyright&quot;:&quot;INTERVAL photo&quot;,&quot;focal_length&quot;:&quot;0&quot;,&quot;iso&quot;:&quot;0&quot;,&quot;shutter_speed&quot;:&quot;0&quot;,&quot;title&quot;:&quot;&quot;,&quot;orientation&quot;:&quot;0&quot;}\" data-image-title=\"Louis-Arretche-Tour-de-l-Eperon-Rennes-9\" data-image-description=\"\" data-image-caption=\"&lt;p&gt;Louis Arretche, Tour de l&amp;rsquo;Eperon, Colombier, Rennes \u00c2\u00a9INTERVALphoto&lt;\/p&gt;\n\" data-large-file=\"https:\/\/i0.wp.com\/intervalphoto.fr\/wp-content\/uploads\/2016\/06\/Louis-Arretche-Tour-de-l-Eperon-Rennes-9.jpg?fit=1000%2C668&amp;ssl=1\" data-attachment-id=\"9322\" data-permalink=\"https:\/\/intervalphoto.fr\/photographe-architecture-et-industrie\/arretche-colombier\/louis-arretche-tour-de-l-eperon-rennes-9\/\" data-orig-file=\"https:\/\/i0.wp.com\/intervalphoto.fr\/wp-content\/uploads\/2016\/06\/Louis-Arretche-Tour-de-l-Eperon-Rennes-9.jpg?fit=1000%2C668&amp;ssl=1\" data-orig-size=\"1000,668\" data-comments-opened=\"0\" data-image-meta=\"{&quot;aperture&quot;:&quot;0&quot;,&quot;credit&quot;:&quot;Quideau Francois&quot;,&quot;camera&quot;:&quot;&quot;,&quot;caption&quot;:&quot;&quot;,&quot;created_timestamp&quot;:&quot;0&quot;,&quot;copyright&quot;:&quot;INTERVAL photo&quot;,&quot;focal_length&quot;:&quot;0&quot;,&quot;iso&quot;:&quot;0&quot;,&quot;shutter_speed&quot;:&quot;0&quot;,&quot;title&quot;:&quot;&quot;,&quot;orientation&quot;:&quot;0&quot;}\" data-image-title=\"Louis-Arretche-Tour-de-l-Eperon-Rennes-9\" data-image-description=\"\" data-image-caption=\"&lt;p&gt;Louis Arretche, Tour de l&amp;rsquo;Eperon, Colombier, Rennes \u00c2\u00a9INTERVALphoto&lt;\/p&gt;\n\" data-large-file=\"https:\/\/i0.wp.com\/intervalphoto.fr\/wp-content\/uploads\/2016\/06\/Louis-Arretche-Tour-de-l-Eperon-Rennes-9.jpg?fit=1000%2C668&amp;ssl=1\" role=\"button\" tabindex=\"0\" aria-label=\"Ouvrir l\u2019image 9 sur 12 en plein \u00e9cran\"srcset=\"https:\/\/i0.wp.com\/intervalphoto.fr\/wp-content\/uploads\/2016\/06\/Louis-Arretche-Tour-de-l-Eperon-Rennes-9.jpg?strip=info&#038;w=600&#038;ssl=1 600w,https:\/\/i0.wp.com\/intervalphoto.fr\/wp-content\/uploads\/2016\/06\/Louis-Arretche-Tour-de-l-Eperon-Rennes-9.jpg?strip=info&#038;w=900&#038;ssl=1 900w,https:\/\/i0.wp.com\/intervalphoto.fr\/wp-content\/uploads\/2016\/06\/Louis-Arretche-Tour-de-l-Eperon-Rennes-9.jpg?strip=info&#038;w=1000&#038;ssl=1 1000w\" alt=\"\" data-height=\"668\" data-id=\"9322\" data-link=\"https:\/\/intervalphoto.fr\/photographe-architecture-et-industrie\/arretche-colombier\/louis-arretche-tour-de-l-eperon-rennes-9\/\" data-url=\"https:\/\/intervalphoto.fr\/wp-content\/uploads\/2016\/06\/Louis-Arretche-Tour-de-l-Eperon-Rennes-9.jpg\" data-width=\"1000\" src=\"https:\/\/i0.wp.com\/intervalphoto.fr\/wp-content\/uploads\/2016\/06\/Louis-Arretche-Tour-de-l-Eperon-Rennes-9.jpg?ssl=1\" data-amp-layout=\"responsive\"\/><\/figure><\/div><div class=\"tiled-gallery__col\"><figure class=\"tiled-gallery__item\"><img decoding=\"async\" data-attachment-id=\"9323\" data-permalink=\"https:\/\/intervalphoto.fr\/photographe-architecture-et-industrie\/arretche-colombier\/louis-arretche-tour-de-l-eperon-rennes-10\/\" data-orig-file=\"https:\/\/i0.wp.com\/intervalphoto.fr\/wp-content\/uploads\/2016\/06\/Louis-Arretche-Tour-de-l-Eperon-Rennes-10.jpg?fit=668%2C1000&amp;ssl=1\" data-orig-size=\"668,1000\" data-comments-opened=\"0\" data-image-meta=\"{&quot;aperture&quot;:&quot;0&quot;,&quot;credit&quot;:&quot;Quideau Francois&quot;,&quot;camera&quot;:&quot;&quot;,&quot;caption&quot;:&quot;&quot;,&quot;created_timestamp&quot;:&quot;0&quot;,&quot;copyright&quot;:&quot;INTERVAL photo&quot;,&quot;focal_length&quot;:&quot;0&quot;,&quot;iso&quot;:&quot;0&quot;,&quot;shutter_speed&quot;:&quot;0&quot;,&quot;title&quot;:&quot;&quot;,&quot;orientation&quot;:&quot;0&quot;}\" data-image-title=\"Louis-Arretche-Tour-de-l-Eperon-Rennes-10\" data-image-description=\"\" data-image-caption=\"&lt;p&gt;Louis Arretche, Tour de l&amp;rsquo;Eperon, Colombier, Rennes \u00c2\u00a9INTERVALphoto&lt;\/p&gt;\n\" data-large-file=\"https:\/\/i0.wp.com\/intervalphoto.fr\/wp-content\/uploads\/2016\/06\/Louis-Arretche-Tour-de-l-Eperon-Rennes-10.jpg?fit=668%2C1000&amp;ssl=1\" data-attachment-id=\"9323\" data-permalink=\"https:\/\/intervalphoto.fr\/photographe-architecture-et-industrie\/arretche-colombier\/louis-arretche-tour-de-l-eperon-rennes-10\/\" data-orig-file=\"https:\/\/i0.wp.com\/intervalphoto.fr\/wp-content\/uploads\/2016\/06\/Louis-Arretche-Tour-de-l-Eperon-Rennes-10.jpg?fit=668%2C1000&amp;ssl=1\" data-orig-size=\"668,1000\" data-comments-opened=\"0\" data-image-meta=\"{&quot;aperture&quot;:&quot;0&quot;,&quot;credit&quot;:&quot;Quideau Francois&quot;,&quot;camera&quot;:&quot;&quot;,&quot;caption&quot;:&quot;&quot;,&quot;created_timestamp&quot;:&quot;0&quot;,&quot;copyright&quot;:&quot;INTERVAL photo&quot;,&quot;focal_length&quot;:&quot;0&quot;,&quot;iso&quot;:&quot;0&quot;,&quot;shutter_speed&quot;:&quot;0&quot;,&quot;title&quot;:&quot;&quot;,&quot;orientation&quot;:&quot;0&quot;}\" data-image-title=\"Louis-Arretche-Tour-de-l-Eperon-Rennes-10\" data-image-description=\"\" data-image-caption=\"&lt;p&gt;Louis Arretche, Tour de l&amp;rsquo;Eperon, Colombier, Rennes \u00c2\u00a9INTERVALphoto&lt;\/p&gt;\n\" data-large-file=\"https:\/\/i0.wp.com\/intervalphoto.fr\/wp-content\/uploads\/2016\/06\/Louis-Arretche-Tour-de-l-Eperon-Rennes-10.jpg?fit=668%2C1000&amp;ssl=1\" role=\"button\" tabindex=\"0\" aria-label=\"Ouvrir l\u2019image 10 sur 12 en plein \u00e9cran\"srcset=\"https:\/\/i0.wp.com\/intervalphoto.fr\/wp-content\/uploads\/2016\/06\/Louis-Arretche-Tour-de-l-Eperon-Rennes-10.jpg?strip=info&#038;w=600&#038;ssl=1 600w,https:\/\/i0.wp.com\/intervalphoto.fr\/wp-content\/uploads\/2016\/06\/Louis-Arretche-Tour-de-l-Eperon-Rennes-10.jpg?strip=info&#038;w=668&#038;ssl=1 668w\" alt=\"\" data-height=\"1000\" data-id=\"9323\" data-link=\"https:\/\/intervalphoto.fr\/photographe-architecture-et-industrie\/arretche-colombier\/louis-arretche-tour-de-l-eperon-rennes-10\/\" data-url=\"https:\/\/intervalphoto.fr\/wp-content\/uploads\/2016\/06\/Louis-Arretche-Tour-de-l-Eperon-Rennes-10.jpg\" data-width=\"668\" src=\"https:\/\/i0.wp.com\/intervalphoto.fr\/wp-content\/uploads\/2016\/06\/Louis-Arretche-Tour-de-l-Eperon-Rennes-10.jpg?ssl=1\" data-amp-layout=\"responsive\"\/><\/figure><\/div><\/div><div class=\"tiled-gallery__row\"><div class=\"tiled-gallery__col\" style=\"flex-basis:33.33333%\"><figure class=\"tiled-gallery__item\"><img decoding=\"async\" data-attachment-id=\"9324\" data-permalink=\"https:\/\/intervalphoto.fr\/photographe-architecture-et-industrie\/arretche-colombier\/louis-arretche-tour-de-l-eperon-rennes-11\/\" data-orig-file=\"https:\/\/i0.wp.com\/intervalphoto.fr\/wp-content\/uploads\/2016\/06\/Louis-Arretche-Tour-de-l-Eperon-Rennes-11.jpg?fit=668%2C1000&amp;ssl=1\" data-orig-size=\"668,1000\" data-comments-opened=\"0\" data-image-meta=\"{&quot;aperture&quot;:&quot;0&quot;,&quot;credit&quot;:&quot;Quideau Francois&quot;,&quot;camera&quot;:&quot;&quot;,&quot;caption&quot;:&quot;&quot;,&quot;created_timestamp&quot;:&quot;0&quot;,&quot;copyright&quot;:&quot;INTERVAL photo&quot;,&quot;focal_length&quot;:&quot;0&quot;,&quot;iso&quot;:&quot;0&quot;,&quot;shutter_speed&quot;:&quot;0&quot;,&quot;title&quot;:&quot;&quot;,&quot;orientation&quot;:&quot;0&quot;}\" data-image-title=\"Louis-Arretche-Tour-de-l-Eperon-Rennes-11\" data-image-description=\"\" data-image-caption=\"&lt;p&gt;Louis Arretche, Tour de l&amp;rsquo;Eperon, Colombier, Rennes \u00c2\u00a9INTERVALphoto&lt;\/p&gt;\n\" data-large-file=\"https:\/\/i0.wp.com\/intervalphoto.fr\/wp-content\/uploads\/2016\/06\/Louis-Arretche-Tour-de-l-Eperon-Rennes-11.jpg?fit=668%2C1000&amp;ssl=1\" data-attachment-id=\"9324\" data-permalink=\"https:\/\/intervalphoto.fr\/photographe-architecture-et-industrie\/arretche-colombier\/louis-arretche-tour-de-l-eperon-rennes-11\/\" data-orig-file=\"https:\/\/i0.wp.com\/intervalphoto.fr\/wp-content\/uploads\/2016\/06\/Louis-Arretche-Tour-de-l-Eperon-Rennes-11.jpg?fit=668%2C1000&amp;ssl=1\" data-orig-size=\"668,1000\" data-comments-opened=\"0\" data-image-meta=\"{&quot;aperture&quot;:&quot;0&quot;,&quot;credit&quot;:&quot;Quideau Francois&quot;,&quot;camera&quot;:&quot;&quot;,&quot;caption&quot;:&quot;&quot;,&quot;created_timestamp&quot;:&quot;0&quot;,&quot;copyright&quot;:&quot;INTERVAL photo&quot;,&quot;focal_length&quot;:&quot;0&quot;,&quot;iso&quot;:&quot;0&quot;,&quot;shutter_speed&quot;:&quot;0&quot;,&quot;title&quot;:&quot;&quot;,&quot;orientation&quot;:&quot;0&quot;}\" data-image-title=\"Louis-Arretche-Tour-de-l-Eperon-Rennes-11\" data-image-description=\"\" data-image-caption=\"&lt;p&gt;Louis Arretche, Tour de l&amp;rsquo;Eperon, Colombier, Rennes \u00c2\u00a9INTERVALphoto&lt;\/p&gt;\n\" data-large-file=\"https:\/\/i0.wp.com\/intervalphoto.fr\/wp-content\/uploads\/2016\/06\/Louis-Arretche-Tour-de-l-Eperon-Rennes-11.jpg?fit=668%2C1000&amp;ssl=1\" role=\"button\" tabindex=\"0\" aria-label=\"Ouvrir l\u2019image 11 sur 12 en plein \u00e9cran\"srcset=\"https:\/\/i0.wp.com\/intervalphoto.fr\/wp-content\/uploads\/2016\/06\/Louis-Arretche-Tour-de-l-Eperon-Rennes-11.jpg?strip=info&#038;w=600&#038;ssl=1 600w,https:\/\/i0.wp.com\/intervalphoto.fr\/wp-content\/uploads\/2016\/06\/Louis-Arretche-Tour-de-l-Eperon-Rennes-11.jpg?strip=info&#038;w=668&#038;ssl=1 668w\" alt=\"\" data-height=\"1000\" data-id=\"9324\" data-link=\"https:\/\/intervalphoto.fr\/photographe-architecture-et-industrie\/arretche-colombier\/louis-arretche-tour-de-l-eperon-rennes-11\/\" data-url=\"https:\/\/intervalphoto.fr\/wp-content\/uploads\/2016\/06\/Louis-Arretche-Tour-de-l-Eperon-Rennes-11.jpg\" data-width=\"668\" src=\"https:\/\/i0.wp.com\/intervalphoto.fr\/wp-content\/uploads\/2016\/06\/Louis-Arretche-Tour-de-l-Eperon-Rennes-11.jpg?ssl=1\" data-amp-layout=\"responsive\"\/><\/figure><\/div><div class=\"tiled-gallery__col\" style=\"flex-basis:33.33333%\"><figure class=\"tiled-gallery__item\"><img decoding=\"async\" data-attachment-id=\"9325\" data-permalink=\"https:\/\/intervalphoto.fr\/photographe-architecture-et-industrie\/arretche-colombier\/louis-arretche-tour-de-l-eperon-rennes-12\/\" data-orig-file=\"https:\/\/i0.wp.com\/intervalphoto.fr\/wp-content\/uploads\/2016\/06\/Louis-Arretche-Tour-de-l-Eperon-Rennes-12.jpg?fit=668%2C1000&amp;ssl=1\" data-orig-size=\"668,1000\" data-comments-opened=\"0\" data-image-meta=\"{&quot;aperture&quot;:&quot;0&quot;,&quot;credit&quot;:&quot;Quideau Francois&quot;,&quot;camera&quot;:&quot;&quot;,&quot;caption&quot;:&quot;&quot;,&quot;created_timestamp&quot;:&quot;0&quot;,&quot;copyright&quot;:&quot;INTERVAL photo&quot;,&quot;focal_length&quot;:&quot;0&quot;,&quot;iso&quot;:&quot;0&quot;,&quot;shutter_speed&quot;:&quot;0&quot;,&quot;title&quot;:&quot;&quot;,&quot;orientation&quot;:&quot;0&quot;}\" data-image-title=\"Louis-Arretche-Tour-de-l-Eperon-Rennes-12\" data-image-description=\"\" data-image-caption=\"&lt;p&gt;Louis Arretche, Tour de l&amp;rsquo;Eperon, Colombier, Rennes \u00c2\u00a9INTERVALphoto&lt;\/p&gt;\n\" data-large-file=\"https:\/\/i0.wp.com\/intervalphoto.fr\/wp-content\/uploads\/2016\/06\/Louis-Arretche-Tour-de-l-Eperon-Rennes-12.jpg?fit=668%2C1000&amp;ssl=1\" data-attachment-id=\"9325\" data-permalink=\"https:\/\/intervalphoto.fr\/photographe-architecture-et-industrie\/arretche-colombier\/louis-arretche-tour-de-l-eperon-rennes-12\/\" data-orig-file=\"https:\/\/i0.wp.com\/intervalphoto.fr\/wp-content\/uploads\/2016\/06\/Louis-Arretche-Tour-de-l-Eperon-Rennes-12.jpg?fit=668%2C1000&amp;ssl=1\" data-orig-size=\"668,1000\" data-comments-opened=\"0\" data-image-meta=\"{&quot;aperture&quot;:&quot;0&quot;,&quot;credit&quot;:&quot;Quideau Francois&quot;,&quot;camera&quot;:&quot;&quot;,&quot;caption&quot;:&quot;&quot;,&quot;created_timestamp&quot;:&quot;0&quot;,&quot;copyright&quot;:&quot;INTERVAL photo&quot;,&quot;focal_length&quot;:&quot;0&quot;,&quot;iso&quot;:&quot;0&quot;,&quot;shutter_speed&quot;:&quot;0&quot;,&quot;title&quot;:&quot;&quot;,&quot;orientation&quot;:&quot;0&quot;}\" data-image-title=\"Louis-Arretche-Tour-de-l-Eperon-Rennes-12\" data-image-description=\"\" data-image-caption=\"&lt;p&gt;Louis Arretche, Tour de l&amp;rsquo;Eperon, Colombier, Rennes \u00c2\u00a9INTERVALphoto&lt;\/p&gt;\n\" data-large-file=\"https:\/\/i0.wp.com\/intervalphoto.fr\/wp-content\/uploads\/2016\/06\/Louis-Arretche-Tour-de-l-Eperon-Rennes-12.jpg?fit=668%2C1000&amp;ssl=1\" role=\"button\" tabindex=\"0\" aria-label=\"Ouvrir l\u2019image 12 sur 12 en plein \u00e9cran\"srcset=\"https:\/\/i0.wp.com\/intervalphoto.fr\/wp-content\/uploads\/2016\/06\/Louis-Arretche-Tour-de-l-Eperon-Rennes-12.jpg?strip=info&#038;w=600&#038;ssl=1 600w,https:\/\/i0.wp.com\/intervalphoto.fr\/wp-content\/uploads\/2016\/06\/Louis-Arretche-Tour-de-l-Eperon-Rennes-12.jpg?strip=info&#038;w=668&#038;ssl=1 668w\" alt=\"\" data-height=\"1000\" data-id=\"9325\" data-link=\"https:\/\/intervalphoto.fr\/photographe-architecture-et-industrie\/arretche-colombier\/louis-arretche-tour-de-l-eperon-rennes-12\/\" data-url=\"https:\/\/intervalphoto.fr\/wp-content\/uploads\/2016\/06\/Louis-Arretche-Tour-de-l-Eperon-Rennes-12.jpg\" data-width=\"668\" src=\"https:\/\/i0.wp.com\/intervalphoto.fr\/wp-content\/uploads\/2016\/06\/Louis-Arretche-Tour-de-l-Eperon-Rennes-12.jpg?ssl=1\" data-amp-layout=\"responsive\"\/><\/figure><\/div><\/div><\/div><\/div><\/div>\n","protected":false},"excerpt":{"rendered":"<p>LOUIS ARRETCHE architecte La Tour de l&rsquo;\u00e9peron (IGH), quartier Colombier, Rennes, 1975.<\/p>\n","protected":false},"author":1,"featured_media":9324,"comment_status":"closed","ping_status":"open","sticky":false,"template":"","format":"standard","meta":{"jetpack_post_was_ever_published":false,"_jetpack_newsletter_access":"","_jetpack_dont_email_post_to_subs":false,"_jetpack_newsletter_tier_id":0,"_jetpack_memberships_contains_paywalled_content":false,"_jetpack_memberships_contains_paid_content":false,"footnotes":""},"categories":[409,16,371],"tags":[733,735,439,436,679,727,740,737,736,732,731,734,741,729,730,726,695,742,434,728,738,739],"class_list":["post-9311","post","type-post","status-publish","format-standard","has-post-thumbnail","hentry","category-architecture","category-actualite","category-vestiges","tag-105m","tag-735","tag-439","tag-amenagement","tag-architecte","tag-arretche","tag-balcon","tag-centre-ville","tag-colombier","tag-gratte-ciel","tag-igh","tag-immeuble-residentiel","tag-jeux-volumetriques","tag-leperon","tag-la-tour-de-leperon","tag-louis","tag-lumiere","tag-ombre","tag-rennes","tag-tour","tag-tours-jumelles","tag-trente-etages"],"yoast_head":"<!-- This site is optimized with the Yoast SEO plugin v27.5 - https:\/\/yoast.com\/product\/yoast-seo-wordpress\/ -->\n<title>1975- Louis Arretche, Tour de l&#039;\u00e9peron, Rennes - INTERVALphoto<\/title>\n<meta name=\"description\" content=\"La Tour de l&#039;\u00c3\u2030peron (IGH), quartier Colombier, Rennes, 1975. \u00c2\u00a9INTERVALphoto\" \/>\n<meta name=\"robots\" content=\"index, follow, max-snippet:-1, max-image-preview:large, max-video-preview:-1\" \/>\n<link rel=\"canonical\" href=\"https:\/\/intervalphoto.fr\/photographe-architecture-et-industrie\/arretche-colombier\/\" \/>\n<meta property=\"og:locale\" content=\"fr_FR\" \/>\n<meta property=\"og:type\" content=\"article\" \/>\n<meta property=\"og:title\" content=\"1975- Louis Arretche, Tour de l&#039;\u00e9peron, Rennes - INTERVALphoto\" \/>\n<meta property=\"og:description\" content=\"La Tour de l&#039;\u00c3\u2030peron (IGH), quartier Colombier, Rennes, 1975. \u00c2\u00a9INTERVALphoto\" \/>\n<meta property=\"og:url\" content=\"https:\/\/intervalphoto.fr\/photographe-architecture-et-industrie\/arretche-colombier\/\" \/>\n<meta property=\"og:site_name\" content=\"INTERVALphoto\" \/>\n<meta property=\"article:publisher\" content=\"https:\/\/www.facebook.com\/intervalphoto35\/\" \/>\n<meta property=\"article:author\" content=\"https:\/\/www.facebook.com\/intervalphoto35\" \/>\n<meta property=\"article:published_time\" content=\"2016-06-28T14:36:22+00:00\" \/>\n<meta property=\"article:modified_time\" content=\"2025-11-19T15:22:03+00:00\" \/>\n<meta property=\"og:image\" content=\"https:\/\/i0.wp.com\/intervalphoto.fr\/wp-content\/uploads\/2016\/06\/Louis-Arretche-Tour-de-l-Eperon-Rennes-11.jpg?fit=668%2C1000&ssl=1\" \/>\n\t<meta property=\"og:image:width\" content=\"668\" \/>\n\t<meta property=\"og:image:height\" content=\"1000\" \/>\n\t<meta property=\"og:image:type\" content=\"image\/jpeg\" \/>\n<meta name=\"author\" content=\"INTERVAL photo\" \/>\n<meta name=\"twitter:card\" content=\"summary_large_image\" \/>\n<meta name=\"twitter:creator\" content=\"@intervalphoto35\" \/>\n<meta name=\"twitter:site\" content=\"@intervalphoto35\" \/>\n<meta name=\"twitter:label1\" content=\"\u00c9crit par\" \/>\n\t<meta name=\"twitter:data1\" content=\"INTERVAL photo\" \/>\n\t<meta name=\"twitter:label2\" content=\"Dur\u00e9e de lecture estim\u00e9e\" \/>\n\t<meta name=\"twitter:data2\" content=\"3 minutes\" \/>\n<script type=\"application\/ld+json\" class=\"yoast-schema-graph\">{\"@context\":\"https:\\\/\\\/schema.org\",\"@graph\":[{\"@type\":\"Article\",\"@id\":\"https:\\\/\\\/intervalphoto.fr\\\/photographe-architecture-et-industrie\\\/arretche-colombier\\\/#article\",\"isPartOf\":{\"@id\":\"https:\\\/\\\/intervalphoto.fr\\\/photographe-architecture-et-industrie\\\/arretche-colombier\\\/\"},\"author\":{\"name\":\"INTERVAL photo\",\"@id\":\"https:\\\/\\\/intervalphoto.fr\\\/photographe-architecture-et-industrie\\\/#\\\/schema\\\/person\\\/830733271855af23aae09f3ebf421fe0\"},\"headline\":\"1975- Louis Arretche, Tour de l&rsquo;\u00e9peron, Rennes\",\"datePublished\":\"2016-06-28T14:36:22+00:00\",\"dateModified\":\"2025-11-19T15:22:03+00:00\",\"mainEntityOfPage\":{\"@id\":\"https:\\\/\\\/intervalphoto.fr\\\/photographe-architecture-et-industrie\\\/arretche-colombier\\\/\"},\"wordCount\":20,\"image\":{\"@id\":\"https:\\\/\\\/intervalphoto.fr\\\/photographe-architecture-et-industrie\\\/arretche-colombier\\\/#primaryimage\"},\"thumbnailUrl\":\"https:\\\/\\\/i0.wp.com\\\/intervalphoto.fr\\\/wp-content\\\/uploads\\\/2016\\\/06\\\/Louis-Arretche-Tour-de-l-Eperon-Rennes-11.jpg?fit=668%2C1000&ssl=1\",\"keywords\":[\"105m\",\"1975\",\"35\",\"am\u00c3\u00a9nagement\",\"ARCHITECTE\",\"Arretche\",\"balcon\",\"centre-ville\",\"Colombier\",\"gratte-ciel\",\"IGH\",\"immeuble r\u00c3\u00a9sidentiel\",\"jeux volum\u00c3\u00a9triques\",\"l'Eperon\",\"La Tour de l'\u00c3\u2030peron\",\"Louis\",\"lumi\u00c3\u00a8re\",\"ombre\",\"rennes\",\"Tour\",\"tours jumelles\",\"trente \u00c3\u00a9tages\"],\"articleSection\":[\"ARCHITECTURE\",\"NEWS\",\"VESTIGES\"],\"inLanguage\":\"fr-FR\"},{\"@type\":\"WebPage\",\"@id\":\"https:\\\/\\\/intervalphoto.fr\\\/photographe-architecture-et-industrie\\\/arretche-colombier\\\/\",\"url\":\"https:\\\/\\\/intervalphoto.fr\\\/photographe-architecture-et-industrie\\\/arretche-colombier\\\/\",\"name\":\"1975- Louis Arretche, Tour de l'\u00e9peron, Rennes - INTERVALphoto\",\"isPartOf\":{\"@id\":\"https:\\\/\\\/intervalphoto.fr\\\/photographe-architecture-et-industrie\\\/#website\"},\"primaryImageOfPage\":{\"@id\":\"https:\\\/\\\/intervalphoto.fr\\\/photographe-architecture-et-industrie\\\/arretche-colombier\\\/#primaryimage\"},\"image\":{\"@id\":\"https:\\\/\\\/intervalphoto.fr\\\/photographe-architecture-et-industrie\\\/arretche-colombier\\\/#primaryimage\"},\"thumbnailUrl\":\"https:\\\/\\\/i0.wp.com\\\/intervalphoto.fr\\\/wp-content\\\/uploads\\\/2016\\\/06\\\/Louis-Arretche-Tour-de-l-Eperon-Rennes-11.jpg?fit=668%2C1000&ssl=1\",\"datePublished\":\"2016-06-28T14:36:22+00:00\",\"dateModified\":\"2025-11-19T15:22:03+00:00\",\"author\":{\"@id\":\"https:\\\/\\\/intervalphoto.fr\\\/photographe-architecture-et-industrie\\\/#\\\/schema\\\/person\\\/830733271855af23aae09f3ebf421fe0\"},\"description\":\"La Tour de l'\u00c3\u2030peron (IGH), quartier Colombier, Rennes, 1975. \u00c2\u00a9INTERVALphoto\",\"breadcrumb\":{\"@id\":\"https:\\\/\\\/intervalphoto.fr\\\/photographe-architecture-et-industrie\\\/arretche-colombier\\\/#breadcrumb\"},\"inLanguage\":\"fr-FR\",\"potentialAction\":[{\"@type\":\"ReadAction\",\"target\":[\"https:\\\/\\\/intervalphoto.fr\\\/photographe-architecture-et-industrie\\\/arretche-colombier\\\/\"]}]},{\"@type\":\"ImageObject\",\"inLanguage\":\"fr-FR\",\"@id\":\"https:\\\/\\\/intervalphoto.fr\\\/photographe-architecture-et-industrie\\\/arretche-colombier\\\/#primaryimage\",\"url\":\"https:\\\/\\\/i0.wp.com\\\/intervalphoto.fr\\\/wp-content\\\/uploads\\\/2016\\\/06\\\/Louis-Arretche-Tour-de-l-Eperon-Rennes-11.jpg?fit=668%2C1000&ssl=1\",\"contentUrl\":\"https:\\\/\\\/i0.wp.com\\\/intervalphoto.fr\\\/wp-content\\\/uploads\\\/2016\\\/06\\\/Louis-Arretche-Tour-de-l-Eperon-Rennes-11.jpg?fit=668%2C1000&ssl=1\",\"width\":668,\"height\":1000,\"caption\":\"Louis Arretche, Tour de l'Eperon, Colombier, Rennes \u00c2\u00a9INTERVALphoto\"},{\"@type\":\"BreadcrumbList\",\"@id\":\"https:\\\/\\\/intervalphoto.fr\\\/photographe-architecture-et-industrie\\\/arretche-colombier\\\/#breadcrumb\",\"itemListElement\":[{\"@type\":\"ListItem\",\"position\":1,\"name\":\"Accueil\",\"item\":\"https:\\\/\\\/intervalphoto.fr\\\/photographe-architecture-et-industrie\\\/\"},{\"@type\":\"ListItem\",\"position\":2,\"name\":\"1975- Louis Arretche, Tour de l&rsquo;\u00e9peron, Rennes\"}]},{\"@type\":\"WebSite\",\"@id\":\"https:\\\/\\\/intervalphoto.fr\\\/photographe-architecture-et-industrie\\\/#website\",\"url\":\"https:\\\/\\\/intervalphoto.fr\\\/photographe-architecture-et-industrie\\\/\",\"name\":\"INTERVALphoto\",\"description\":\"revealing...\",\"potentialAction\":[{\"@type\":\"SearchAction\",\"target\":{\"@type\":\"EntryPoint\",\"urlTemplate\":\"https:\\\/\\\/intervalphoto.fr\\\/photographe-architecture-et-industrie\\\/?s={search_term_string}\"},\"query-input\":{\"@type\":\"PropertyValueSpecification\",\"valueRequired\":true,\"valueName\":\"search_term_string\"}}],\"inLanguage\":\"fr-FR\"},{\"@type\":\"Person\",\"@id\":\"https:\\\/\\\/intervalphoto.fr\\\/photographe-architecture-et-industrie\\\/#\\\/schema\\\/person\\\/830733271855af23aae09f3ebf421fe0\",\"name\":\"INTERVAL photo\",\"image\":{\"@type\":\"ImageObject\",\"inLanguage\":\"fr-FR\",\"@id\":\"https:\\\/\\\/secure.gravatar.com\\\/avatar\\\/398d576c45a6d1d3683c3742805f7d60f73d9416547942681b99c8363666d3f8?s=96&d=mm&r=g\",\"url\":\"https:\\\/\\\/secure.gravatar.com\\\/avatar\\\/398d576c45a6d1d3683c3742805f7d60f73d9416547942681b99c8363666d3f8?s=96&d=mm&r=g\",\"contentUrl\":\"https:\\\/\\\/secure.gravatar.com\\\/avatar\\\/398d576c45a6d1d3683c3742805f7d60f73d9416547942681b99c8363666d3f8?s=96&d=mm&r=g\",\"caption\":\"INTERVAL photo\"},\"sameAs\":[\"http:\\\/\\\/www.intervalphoto.fr\",\"https:\\\/\\\/www.facebook.com\\\/intervalphoto35\",\"https:\\\/\\\/www.instagram.com\\\/quideaufrancois\",\"http:\\\/\\\/fr.linkedin.com\\\/in\\\/quideaufrancois\",\"https:\\\/\\\/fr.pinterest.com\\\/fquideau\\\/\",\"https:\\\/\\\/x.com\\\/@intervalphoto35\",\"https:\\\/\\\/www.youtube.com\\\/channel\\\/UCKiJPIR1CaZaewFgfOv4fFA\"],\"url\":\"https:\\\/\\\/intervalphoto.fr\\\/photographe-architecture-et-industrie\\\/author\\\/root\\\/\"}]}<\/script>\n<!-- \/ Yoast SEO plugin. -->","yoast_head_json":{"title":"1975- Louis Arretche, Tour de l'\u00e9peron, Rennes - INTERVALphoto","description":"La Tour de l'\u00c3\u2030peron (IGH), quartier Colombier, Rennes, 1975. \u00c2\u00a9INTERVALphoto","robots":{"index":"index","follow":"follow","max-snippet":"max-snippet:-1","max-image-preview":"max-image-preview:large","max-video-preview":"max-video-preview:-1"},"canonical":"https:\/\/intervalphoto.fr\/photographe-architecture-et-industrie\/arretche-colombier\/","og_locale":"fr_FR","og_type":"article","og_title":"1975- Louis Arretche, Tour de l'\u00e9peron, Rennes - INTERVALphoto","og_description":"La Tour de l'\u00c3\u2030peron (IGH), quartier Colombier, Rennes, 1975. \u00c2\u00a9INTERVALphoto","og_url":"https:\/\/intervalphoto.fr\/photographe-architecture-et-industrie\/arretche-colombier\/","og_site_name":"INTERVALphoto","article_publisher":"https:\/\/www.facebook.com\/intervalphoto35\/","article_author":"https:\/\/www.facebook.com\/intervalphoto35","article_published_time":"2016-06-28T14:36:22+00:00","article_modified_time":"2025-11-19T15:22:03+00:00","og_image":[{"width":668,"height":1000,"url":"https:\/\/i0.wp.com\/intervalphoto.fr\/wp-content\/uploads\/2016\/06\/Louis-Arretche-Tour-de-l-Eperon-Rennes-11.jpg?fit=668%2C1000&ssl=1","type":"image\/jpeg"}],"author":"INTERVAL photo","twitter_card":"summary_large_image","twitter_creator":"@intervalphoto35","twitter_site":"@intervalphoto35","twitter_misc":{"\u00c9crit par":"INTERVAL photo","Dur\u00e9e de lecture estim\u00e9e":"3 minutes"},"schema":{"@context":"https:\/\/schema.org","@graph":[{"@type":"Article","@id":"https:\/\/intervalphoto.fr\/photographe-architecture-et-industrie\/arretche-colombier\/#article","isPartOf":{"@id":"https:\/\/intervalphoto.fr\/photographe-architecture-et-industrie\/arretche-colombier\/"},"author":{"name":"INTERVAL photo","@id":"https:\/\/intervalphoto.fr\/photographe-architecture-et-industrie\/#\/schema\/person\/830733271855af23aae09f3ebf421fe0"},"headline":"1975- Louis Arretche, Tour de l&rsquo;\u00e9peron, Rennes","datePublished":"2016-06-28T14:36:22+00:00","dateModified":"2025-11-19T15:22:03+00:00","mainEntityOfPage":{"@id":"https:\/\/intervalphoto.fr\/photographe-architecture-et-industrie\/arretche-colombier\/"},"wordCount":20,"image":{"@id":"https:\/\/intervalphoto.fr\/photographe-architecture-et-industrie\/arretche-colombier\/#primaryimage"},"thumbnailUrl":"https:\/\/i0.wp.com\/intervalphoto.fr\/wp-content\/uploads\/2016\/06\/Louis-Arretche-Tour-de-l-Eperon-Rennes-11.jpg?fit=668%2C1000&ssl=1","keywords":["105m","1975","35","am\u00c3\u00a9nagement","ARCHITECTE","Arretche","balcon","centre-ville","Colombier","gratte-ciel","IGH","immeuble r\u00c3\u00a9sidentiel","jeux volum\u00c3\u00a9triques","l'Eperon","La Tour de l'\u00c3\u2030peron","Louis","lumi\u00c3\u00a8re","ombre","rennes","Tour","tours jumelles","trente \u00c3\u00a9tages"],"articleSection":["ARCHITECTURE","NEWS","VESTIGES"],"inLanguage":"fr-FR"},{"@type":"WebPage","@id":"https:\/\/intervalphoto.fr\/photographe-architecture-et-industrie\/arretche-colombier\/","url":"https:\/\/intervalphoto.fr\/photographe-architecture-et-industrie\/arretche-colombier\/","name":"1975- Louis Arretche, Tour de l'\u00e9peron, Rennes - INTERVALphoto","isPartOf":{"@id":"https:\/\/intervalphoto.fr\/photographe-architecture-et-industrie\/#website"},"primaryImageOfPage":{"@id":"https:\/\/intervalphoto.fr\/photographe-architecture-et-industrie\/arretche-colombier\/#primaryimage"},"image":{"@id":"https:\/\/intervalphoto.fr\/photographe-architecture-et-industrie\/arretche-colombier\/#primaryimage"},"thumbnailUrl":"https:\/\/i0.wp.com\/intervalphoto.fr\/wp-content\/uploads\/2016\/06\/Louis-Arretche-Tour-de-l-Eperon-Rennes-11.jpg?fit=668%2C1000&ssl=1","datePublished":"2016-06-28T14:36:22+00:00","dateModified":"2025-11-19T15:22:03+00:00","author":{"@id":"https:\/\/intervalphoto.fr\/photographe-architecture-et-industrie\/#\/schema\/person\/830733271855af23aae09f3ebf421fe0"},"description":"La Tour de l'\u00c3\u2030peron (IGH), quartier Colombier, Rennes, 1975. \u00c2\u00a9INTERVALphoto","breadcrumb":{"@id":"https:\/\/intervalphoto.fr\/photographe-architecture-et-industrie\/arretche-colombier\/#breadcrumb"},"inLanguage":"fr-FR","potentialAction":[{"@type":"ReadAction","target":["https:\/\/intervalphoto.fr\/photographe-architecture-et-industrie\/arretche-colombier\/"]}]},{"@type":"ImageObject","inLanguage":"fr-FR","@id":"https:\/\/intervalphoto.fr\/photographe-architecture-et-industrie\/arretche-colombier\/#primaryimage","url":"https:\/\/i0.wp.com\/intervalphoto.fr\/wp-content\/uploads\/2016\/06\/Louis-Arretche-Tour-de-l-Eperon-Rennes-11.jpg?fit=668%2C1000&ssl=1","contentUrl":"https:\/\/i0.wp.com\/intervalphoto.fr\/wp-content\/uploads\/2016\/06\/Louis-Arretche-Tour-de-l-Eperon-Rennes-11.jpg?fit=668%2C1000&ssl=1","width":668,"height":1000,"caption":"Louis Arretche, Tour de l'Eperon, Colombier, Rennes \u00c2\u00a9INTERVALphoto"},{"@type":"BreadcrumbList","@id":"https:\/\/intervalphoto.fr\/photographe-architecture-et-industrie\/arretche-colombier\/#breadcrumb","itemListElement":[{"@type":"ListItem","position":1,"name":"Accueil","item":"https:\/\/intervalphoto.fr\/photographe-architecture-et-industrie\/"},{"@type":"ListItem","position":2,"name":"1975- Louis Arretche, Tour de l&rsquo;\u00e9peron, Rennes"}]},{"@type":"WebSite","@id":"https:\/\/intervalphoto.fr\/photographe-architecture-et-industrie\/#website","url":"https:\/\/intervalphoto.fr\/photographe-architecture-et-industrie\/","name":"INTERVALphoto","description":"revealing...","potentialAction":[{"@type":"SearchAction","target":{"@type":"EntryPoint","urlTemplate":"https:\/\/intervalphoto.fr\/photographe-architecture-et-industrie\/?s={search_term_string}"},"query-input":{"@type":"PropertyValueSpecification","valueRequired":true,"valueName":"search_term_string"}}],"inLanguage":"fr-FR"},{"@type":"Person","@id":"https:\/\/intervalphoto.fr\/photographe-architecture-et-industrie\/#\/schema\/person\/830733271855af23aae09f3ebf421fe0","name":"INTERVAL photo","image":{"@type":"ImageObject","inLanguage":"fr-FR","@id":"https:\/\/secure.gravatar.com\/avatar\/398d576c45a6d1d3683c3742805f7d60f73d9416547942681b99c8363666d3f8?s=96&d=mm&r=g","url":"https:\/\/secure.gravatar.com\/avatar\/398d576c45a6d1d3683c3742805f7d60f73d9416547942681b99c8363666d3f8?s=96&d=mm&r=g","contentUrl":"https:\/\/secure.gravatar.com\/avatar\/398d576c45a6d1d3683c3742805f7d60f73d9416547942681b99c8363666d3f8?s=96&d=mm&r=g","caption":"INTERVAL photo"},"sameAs":["http:\/\/www.intervalphoto.fr","https:\/\/www.facebook.com\/intervalphoto35","https:\/\/www.instagram.com\/quideaufrancois","http:\/\/fr.linkedin.com\/in\/quideaufrancois","https:\/\/fr.pinterest.com\/fquideau\/","https:\/\/x.com\/@intervalphoto35","https:\/\/www.youtube.com\/channel\/UCKiJPIR1CaZaewFgfOv4fFA"],"url":"https:\/\/intervalphoto.fr\/photographe-architecture-et-industrie\/author\/root\/"}]}},"jetpack_featured_media_url":"https:\/\/i0.wp.com\/intervalphoto.fr\/wp-content\/uploads\/2016\/06\/Louis-Arretche-Tour-de-l-Eperon-Rennes-11.jpg?fit=668%2C1000&ssl=1","jetpack_sharing_enabled":true,"jetpack_likes_enabled":true,"jetpack-related-posts":[],"_links":{"self":[{"href":"https:\/\/intervalphoto.fr\/photographe-architecture-et-industrie\/wp-json\/wp\/v2\/posts\/9311","targetHints":{"allow":["GET"]}}],"collection":[{"href":"https:\/\/intervalphoto.fr\/photographe-architecture-et-industrie\/wp-json\/wp\/v2\/posts"}],"about":[{"href":"https:\/\/intervalphoto.fr\/photographe-architecture-et-industrie\/wp-json\/wp\/v2\/types\/post"}],"author":[{"embeddable":true,"href":"https:\/\/intervalphoto.fr\/photographe-architecture-et-industrie\/wp-json\/wp\/v2\/users\/1"}],"replies":[{"embeddable":true,"href":"https:\/\/intervalphoto.fr\/photographe-architecture-et-industrie\/wp-json\/wp\/v2\/comments?post=9311"}],"version-history":[{"count":1,"href":"https:\/\/intervalphoto.fr\/photographe-architecture-et-industrie\/wp-json\/wp\/v2\/posts\/9311\/revisions"}],"predecessor-version":[{"id":40289,"href":"https:\/\/intervalphoto.fr\/photographe-architecture-et-industrie\/wp-json\/wp\/v2\/posts\/9311\/revisions\/40289"}],"wp:featuredmedia":[{"embeddable":true,"href":"https:\/\/intervalphoto.fr\/photographe-architecture-et-industrie\/wp-json\/wp\/v2\/media\/9324"}],"wp:attachment":[{"href":"https:\/\/intervalphoto.fr\/photographe-architecture-et-industrie\/wp-json\/wp\/v2\/media?parent=9311"}],"wp:term":[{"taxonomy":"category","embeddable":true,"href":"https:\/\/intervalphoto.fr\/photographe-architecture-et-industrie\/wp-json\/wp\/v2\/categories?post=9311"},{"taxonomy":"post_tag","embeddable":true,"href":"https:\/\/intervalphoto.fr\/photographe-architecture-et-industrie\/wp-json\/wp\/v2\/tags?post=9311"}],"curies":[{"name":"wp","href":"https:\/\/api.w.org\/{rel}","templated":true}]}}